{"id":48130,"date":"2022-11-24T14:02:13","date_gmt":"2022-11-24T18:02:13","guid":{"rendered":"https:\/\/inces.gob.ve\/?p=48130"},"modified":"2022-11-24T14:05:54","modified_gmt":"2022-11-24T18:05:54","slug":"aragua-arranco-jornada-de-embellecimiento-en-sus-diferentes-ambientes","status":"publish","type":"post","link":"https:\/\/inces.gob.ve\/index.php\/2022\/11\/24\/aragua-arranco-jornada-de-embellecimiento-en-sus-diferentes-ambientes\/","title":{"rendered":"Aragua | Arranc\u00f3 jornada de embellecimiento en sus diferentes ambientes"},"content":{"rendered":"<div class=\"gmail_attr\" dir=\"ltr\" style=\"text-align: justify;\"><b><span style=\"font-size: large;\">\u00a0\u00a0<\/span><\/b><span style=\"font-family: helvetica, arial, sans-serif; font-size: 14pt;\"><b>** La actividad de recuperaci\u00f3n de espacios formativos inicia en v\u00edsperas del mes de Diciembre, pero se proyecta continuar con los ajustes y mantenimientos pertinentes todo el a\u00f1o.<\/b><\/span><\/div>\n<p><!--more--><\/p>\n<div dir=\"ltr\" style=\"text-align: justify;\">\n<p>&nbsp;<\/p>\n<p>NINOSKA PATRIZ<\/p>\n<p><span style=\"font-family: helvetica, arial, sans-serif; font-size: 14pt;\"><b>El Instituto Nacional de Capacitaci\u00f3n y Educaci\u00f3n Socialista (Inces), regi\u00f3n Aragua, inici\u00f3 desde la semana pasada varias jornadas de embellecimiento de sus Centros de Formaci\u00f3n Socialista (CFS)<\/b>.\u00a0 Estas actividades consisten en la conformaci\u00f3n de brigadas que se encargan de la recuperaci\u00f3n y mantenimiento de los espacios formativos. El enfoque est\u00e1 centrado en fortalecer el sentido de pertenencia y de identidad para con la instituci\u00f3n, que garantice transformar la vida del joven, de la mujer, del hombre, del adulto, mediante la vinculaci\u00f3n con los motores productivos y la activaci\u00f3n de los emprendedores, y que contribuyan con la recuperaci\u00f3n de la econom\u00eda de la patria.<\/span><\/p>\n<\/div>\n<div dir=\"ltr\" style=\"text-align: justify;\"><img loading=\"lazy\" decoding=\"async\" class=\"wp-image-48132 aligncenter\" src=\"https:\/\/inces.gob.ve\/wp-content\/uploads\/2022\/11\/jornada-de-embellecimiento-4-.jpeg\" alt=\"\" width=\"409\" height=\"546\" srcset=\"https:\/\/inces.gob.ve\/wp-content\/uploads\/2022\/11\/jornada-de-embellecimiento-4-.jpeg 780w, https:\/\/inces.gob.ve\/wp-content\/uploads\/2022\/11\/jornada-de-embellecimiento-4--225x300.jpeg 225w, https:\/\/inces.gob.ve\/wp-content\/uploads\/2022\/11\/jornada-de-embellecimiento-4--768x1024.jpeg 768w, https:\/\/inces.gob.ve\/wp-content\/uploads\/2022\/11\/jornada-de-embellecimiento-4--576x768.jpeg 576w\" sizes=\"auto, (max-width: 409px) 100vw, 409px\" \/><br \/>\n<span style=\"font-family: helvetica, arial, sans-serif; font-size: 14pt;\"><b>Las brigadas estar\u00e1n conformadas por j\u00f3venes que reciben formaci\u00f3n en los CFS, maestros, personal administrativo y obrero; aunado a ello, siempre se est\u00e1 en la b\u00fasqueda constante de alianzas con los ministerios, alcald\u00edas, gobernaciones y cualquier otro ente que pueda contribuir<\/b>.<\/span><\/div>\n<div dir=\"ltr\" style=\"text-align: justify;\"><\/div>\n<div dir=\"ltr\"><span style=\"font-family: helvetica, arial, sans-serif; font-size: 14pt;\">Al respecto la Divisi\u00f3n de Infraestructura y Servicios realiza la supervisi\u00f3n del desarrollo de las labores apoyando en reparaciones de alba\u00f1iler\u00eda, sistema el\u00e9ctrico, plomer\u00eda, limpieza, desmalezamiento, seg\u00fan corresponda en cada caso; con especial atenci\u00f3n en los patios productivos y formaciones de agricultura, en v\u00edspera de las fiestas decembrina y la socializaci\u00f3n e integraci\u00f3n necesario para el cierre de cada jornada.<\/span><br \/>\n<img loading=\"lazy\" decoding=\"async\" class=\"wp-image-48133 aligncenter\" src=\"https:\/\/inces.gob.ve\/wp-content\/uploads\/2022\/11\/jornada-de-embellecimiento-5--e1669312840361.jpeg\" alt=\"\" width=\"837\" height=\"628\" srcset=\"https:\/\/inces.gob.ve\/wp-content\/uploads\/2022\/11\/jornada-de-embellecimiento-5--e1669312840361.jpeg 800w, https:\/\/inces.gob.ve\/wp-content\/uploads\/2022\/11\/jornada-de-embellecimiento-5--e1669312840361-300x225.jpeg 300w, https:\/\/inces.gob.ve\/wp-content\/uploads\/2022\/11\/jornada-de-embellecimiento-5--e1669312840361-768x576.jpeg 768w, https:\/\/inces.gob.ve\/wp-content\/uploads\/2022\/11\/jornada-de-embellecimiento-5--e1669312840361-136x102.jpeg 136w\" sizes=\"auto, (max-width: 837px) 100vw, 837px\" \/><br \/>\n<span style=\"font-family: helvetica, arial, sans-serif; font-size: 14pt;\"><b>Cada Centro de Formaci\u00f3n contribuye desde su ambiente\u00a0<\/b><\/span><\/p>\n<div style=\"text-align: justify;\"><span style=\"font-family: helvetica, arial, sans-serif; font-size: 14pt;\"><b>El CFS El Lim\u00f3n realiz\u00f3 los ajustes pertinentes para brindar un buen suministro de energ\u00eda el\u00e9ctrica a los diferentes espacios de la Instituci\u00f3n<\/b>. Al respecto el licenciado Carlos Vivas agradeci\u00f3 los materiales recibidos para tal obra. Sobre este aspecto, inform\u00f3 que el bienestar abarca un aproximado de 60 personas que hacen vida en las instalaciones, sin contar con el beneficio que se enlaza con la comunidad al mejorar la calidad de alumbrado de la zona. Al mismo tiempo se estuvo realizando el desmalezamiento de las \u00e1reas verdes y la revisi\u00f3n de la cosecha en torno a los rubros de ciclo corto para aderezar el combo hallaquero.<\/span><br \/>\n<img loading=\"lazy\" decoding=\"async\" class=\"alignnone wp-image-48131 size-full\" src=\"https:\/\/inces.gob.ve\/wp-content\/uploads\/2022\/11\/jornada-de-embellecimiento-2-.jpeg\" alt=\"\" width=\"1080\" height=\"810\" srcset=\"https:\/\/inces.gob.ve\/wp-content\/uploads\/2022\/11\/jornada-de-embellecimiento-2-.jpeg 1080w, https:\/\/inces.gob.ve\/wp-content\/uploads\/2022\/11\/jornada-de-embellecimiento-2--300x225.jpeg 300w, https:\/\/inces.gob.ve\/wp-content\/uploads\/2022\/11\/jornada-de-embellecimiento-2--1024x768.jpeg 1024w, https:\/\/inces.gob.ve\/wp-content\/uploads\/2022\/11\/jornada-de-embellecimiento-2--768x576.jpeg 768w, https:\/\/inces.gob.ve\/wp-content\/uploads\/2022\/11\/jornada-de-embellecimiento-2--136x102.jpeg 136w\" sizes=\"auto, (max-width: 1080px) 100vw, 1080px\" \/><span style=\"font-family: helvetica, arial, sans-serif; font-size: 14pt;\"><b>En el mismo orden de ideas, desde el CFS Textil y Construcci\u00f3n, ubicado en la urbanizaci\u00f3n La Candelaria, trabajadores y maestros realizaron con agrado y con cari\u00f1o la pintura y limpieza de espacios<\/b>. La coordinaci\u00f3n de estas actividades en le CFS Textil, estuvo liderada por la jefa del Centro de Formaci\u00f3n Socialista Erik Amaro. <b>\u201cEmbellecimiento y adecuaci\u00f3n de los espacios formativos para garantizar ambientes dignos al pueblo, para su formaci\u00f3n integral. Ese es nuestro principal objetivo<\/b>.<\/span><\/div>\n<div style=\"text-align: justify;\"><\/div>\n<div style=\"text-align: justify;\">\n<p><span style=\"font-family: helvetica, arial, sans-serif; font-size: 14pt;\">Y desde el CFS Construcci\u00f3n, se realiz\u00f3 el mantenimiento del patio productivo y espacios formativos. En este sentido el jefe de Centro, afirm\u00f3: \u201cLa autogesti\u00f3n permite enriquecer las formaciones a trav\u00e9s del hacer y contribuir con la producci\u00f3n territorial de acuerdo a las necesidades propias de cada ambiente\u201d.<\/span><\/p>\n<p><span style=\"font-family: helvetica, arial, sans-serif; font-size: 14pt;\"><b>As\u00ed mismo, desde el CFS Comercial Maracay en uni\u00f3n con la Gerencia General en la Sede Inces Aragua, se coordin\u00f3 el inicio de est\u00e1s rehabilitaciones para contar con espacios \u00f3ptimos y adecuados para los ciudadanos, para su formaci\u00f3n productiva, destacando las decoraciones con ambiente navide\u00f1o al ritmo de gaitas, salsa y tambor, a prop\u00f3sito tambi\u00e9n del compartir especial en viernes social<\/b>.\u00a0<\/span><\/p>\n<\/div>\n<div style=\"text-align: justify;\"><\/div>\n<div style=\"text-align: justify;\">\n<p><span style=\"font-family: helvetica, arial, sans-serif; font-size: 14pt;\">En el mismo orden de ideas, el CFS Berm\u00fadez restableci\u00f3 su servicio el\u00e9ctrico, CFS Cagua realiz\u00f3 el diagn\u00f3stico de su sistema el\u00e9ctrico y estado del sistema hidroneum\u00e1tico; mientras que el CFS Metalminero Maracay concret\u00f3 el cableado el\u00e9ctrico pendiente, pintura de rejas, paredes y ajuste de bombillos para la pr\u00f3xima colocaci\u00f3n del pesebre navide\u00f1o. \u00a0<\/span><\/p>\n<p><span style=\"font-family: helvetica, arial, sans-serif; font-size: 14pt;\"><b>Cada CFS avanza en el cumplimiento de las l\u00edneas estrat\u00e9gicas que acompa\u00f1an el formar produciendo y producir formando,<\/b> demostrando que los centros de formaci\u00f3n cuentan con capacidad instalada, pero sobre todo con el talento humano que puede permitir a la instituci\u00f3n la iluminaci\u00f3n de las \u00e1reas internas y externas, pintura y reparaci\u00f3n de ambientes, techo razo, acondicionamiento de las aulas y ba\u00f1os, con mano de obra interna de excelente calidad<\/span><\/p>\n<\/div>\n<\/div>\n","protected":false},"excerpt":{"rendered":"<p>\u00a0\u00a0** La actividad de recuperaci\u00f3n de espacios formativos inicia en v\u00edsperas del mes de Diciembre, pero se proyecta continuar con los ajustes y mantenimientos pertinentes todo el a\u00f1o.<\/p>\n","protected":false},"author":15,"featured_media":48134,"comment_status":"closed","ping_status":"closed","sticky":false,"template":"","format":"standard","meta":{"footnotes":""},"categories":[2],"tags":[],"class_list":["post-48130","post","type-post","status-publish","format-standard","has-post-thumbnail","hentry","category-blog"],"_links":{"self":[{"href":"https:\/\/inces.gob.ve\/index.php\/wp-json\/wp\/v2\/posts\/48130","targetHints":{"allow":["GET"]}}],"collection":[{"href":"https:\/\/inces.gob.ve\/index.php\/wp-json\/wp\/v2\/posts"}],"about":[{"href":"https:\/\/inces.gob.ve\/index.php\/wp-json\/wp\/v2\/types\/post"}],"author":[{"embeddable":true,"href":"https:\/\/inces.gob.ve\/index.php\/wp-json\/wp\/v2\/users\/15"}],"replies":[{"embeddable":true,"href":"https:\/\/inces.gob.ve\/index.php\/wp-json\/wp\/v2\/comments?post=48130"}],"version-history":[{"count":4,"href":"https:\/\/inces.gob.ve\/index.php\/wp-json\/wp\/v2\/posts\/48130\/revisions"}],"predecessor-version":[{"id":48138,"href":"https:\/\/inces.gob.ve\/index.php\/wp-json\/wp\/v2\/posts\/48130\/revisions\/48138"}],"wp:featuredmedia":[{"embeddable":true,"href":"https:\/\/inces.gob.ve\/index.php\/wp-json\/wp\/v2\/media\/48134"}],"wp:attachment":[{"href":"https:\/\/inces.gob.ve\/index.php\/wp-json\/wp\/v2\/media?parent=48130"}],"wp:term":[{"taxonomy":"category","embeddable":true,"href":"https:\/\/inces.gob.ve\/index.php\/wp-json\/wp\/v2\/categories?post=48130"},{"taxonomy":"post_tag","embeddable":true,"href":"https:\/\/inces.gob.ve\/index.php\/wp-json\/wp\/v2\/tags?post=48130"}],"curies":[{"name":"wp","href":"https:\/\/api.w.org\/{rel}","templated":true}]}}