{"id":48154,"date":"2022-11-25T11:24:00","date_gmt":"2022-11-25T15:24:00","guid":{"rendered":"https:\/\/inces.gob.ve\/?p=48154"},"modified":"2022-11-25T11:26:25","modified_gmt":"2022-11-25T15:26:25","slug":"miranda-inces-forma-instructores-en-las-empresas","status":"publish","type":"post","link":"https:\/\/inces.gob.ve\/index.php\/2022\/11\/25\/miranda-inces-forma-instructores-en-las-empresas\/","title":{"rendered":"MIRANDA | Inces forma instructores en las empresas"},"content":{"rendered":"<p style=\"text-align: justify;\"><strong><em>*<span style=\"font-family: helvetica, arial, sans-serif; font-size: 14pt;\">* Contin\u00faan las formaciones para capacitar a trabajadores de empresas p\u00fablicas y privadas.<\/span><\/em><\/strong><!--more--><\/p>\n<p>&nbsp;<\/p>\n<p style=\"text-align: justify;\"><span style=\"font-family: helvetica, arial, sans-serif; font-size: 14pt;\">Con la participaci\u00f3n de Asesores Children, Canguros de Venezuela, Corpoelec y trabajadores del Inces, se lleva a cabo un interempresas a cargo de la facilitadora Liz Rodr\u00edguez, teniendo como finalidad formar a los trabajadores como facilitadores dentro de las empresas, en una ocupaci\u00f3n\u00a0 determinada, facilitando una informaci\u00f3n metodol\u00f3gica que luego ser\u00e1 impartida por ellos dentro de sus espacios de trabajo.<\/span><\/p>\n<p><img loading=\"lazy\" decoding=\"async\" class=\"aligncenter wp-image-48156 size-full\" src=\"https:\/\/inces.gob.ve\/wp-content\/uploads\/2022\/11\/formacion-instructores-2--scaled-e1669389746984.jpg\" alt=\"\" width=\"800\" height=\"600\" srcset=\"https:\/\/inces.gob.ve\/wp-content\/uploads\/2022\/11\/formacion-instructores-2--scaled-e1669389746984.jpg 800w, https:\/\/inces.gob.ve\/wp-content\/uploads\/2022\/11\/formacion-instructores-2--scaled-e1669389746984-300x225.jpg 300w, https:\/\/inces.gob.ve\/wp-content\/uploads\/2022\/11\/formacion-instructores-2--scaled-e1669389746984-768x576.jpg 768w, https:\/\/inces.gob.ve\/wp-content\/uploads\/2022\/11\/formacion-instructores-2--scaled-e1669389746984-136x102.jpg 136w\" sizes=\"auto, (max-width: 800px) 100vw, 800px\" \/><\/p>\n<p style=\"text-align: justify;\"><span style=\"font-family: helvetica, arial, sans-serif; font-size: 14pt;\">As\u00ed mismo la coordinadora del programa Adiestramiento en Empresas, Carolina Rivas, indic\u00f3 que dicho programa se dedica a \u201cimpartir formaci\u00f3n a los trabajadores dentro de las mismas empresas, bien sean p\u00fablicas o privadas que cumplan con todos los requisitos Inces.\u201d<\/span><\/p>\n<p><img loading=\"lazy\" decoding=\"async\" class=\"aligncenter wp-image-48158 size-full\" src=\"https:\/\/inces.gob.ve\/wp-content\/uploads\/2022\/11\/formacion-instructores-5--scaled-e1669389765770.jpg\" alt=\"\" width=\"800\" height=\"600\" srcset=\"https:\/\/inces.gob.ve\/wp-content\/uploads\/2022\/11\/formacion-instructores-5--scaled-e1669389765770.jpg 800w, https:\/\/inces.gob.ve\/wp-content\/uploads\/2022\/11\/formacion-instructores-5--scaled-e1669389765770-300x225.jpg 300w, https:\/\/inces.gob.ve\/wp-content\/uploads\/2022\/11\/formacion-instructores-5--scaled-e1669389765770-768x576.jpg 768w, https:\/\/inces.gob.ve\/wp-content\/uploads\/2022\/11\/formacion-instructores-5--scaled-e1669389765770-136x102.jpg 136w\" sizes=\"auto, (max-width: 800px) 100vw, 800px\" \/><\/p>\n<p style=\"text-align: justify;\"><span style=\"font-family: helvetica, arial, sans-serif; font-size: 14pt;\">La formaci\u00f3n se llev\u00f3 a cabo en el edificio regional del Inces, ubicada en la segunda transversal de Los Cortijos, en el municipio Sucre.<\/span><\/p>\n<p><img loading=\"lazy\" decoding=\"async\" class=\"aligncenter wp-image-48157 size-full\" src=\"https:\/\/inces.gob.ve\/wp-content\/uploads\/2022\/11\/formacion-instructores-3--scaled-e1669389785217.jpg\" alt=\"\" width=\"800\" height=\"600\" srcset=\"https:\/\/inces.gob.ve\/wp-content\/uploads\/2022\/11\/formacion-instructores-3--scaled-e1669389785217.jpg 800w, https:\/\/inces.gob.ve\/wp-content\/uploads\/2022\/11\/formacion-instructores-3--scaled-e1669389785217-300x225.jpg 300w, https:\/\/inces.gob.ve\/wp-content\/uploads\/2022\/11\/formacion-instructores-3--scaled-e1669389785217-768x576.jpg 768w, https:\/\/inces.gob.ve\/wp-content\/uploads\/2022\/11\/formacion-instructores-3--scaled-e1669389785217-136x102.jpg 136w\" sizes=\"auto, (max-width: 800px) 100vw, 800px\" \/><\/p>\n","protected":false},"excerpt":{"rendered":"<p>** Contin\u00faan las formaciones para capacitar a trabajadores de empresas p\u00fablicas y privadas.<\/p>\n","protected":false},"author":15,"featured_media":48155,"comment_status":"closed","ping_status":"closed","sticky":false,"template":"","format":"standard","meta":{"footnotes":""},"categories":[2],"tags":[],"class_list":["post-48154","post","type-post","status-publish","format-standard","has-post-thumbnail","hentry","category-blog"],"_links":{"self":[{"href":"https:\/\/inces.gob.ve\/index.php\/wp-json\/wp\/v2\/posts\/48154","targetHints":{"allow":["GET"]}}],"collection":[{"href":"https:\/\/inces.gob.ve\/index.php\/wp-json\/wp\/v2\/posts"}],"about":[{"href":"https:\/\/inces.gob.ve\/index.php\/wp-json\/wp\/v2\/types\/post"}],"author":[{"embeddable":true,"href":"https:\/\/inces.gob.ve\/index.php\/wp-json\/wp\/v2\/users\/15"}],"replies":[{"embeddable":true,"href":"https:\/\/inces.gob.ve\/index.php\/wp-json\/wp\/v2\/comments?post=48154"}],"version-history":[{"count":1,"href":"https:\/\/inces.gob.ve\/index.php\/wp-json\/wp\/v2\/posts\/48154\/revisions"}],"predecessor-version":[{"id":48159,"href":"https:\/\/inces.gob.ve\/index.php\/wp-json\/wp\/v2\/posts\/48154\/revisions\/48159"}],"wp:featuredmedia":[{"embeddable":true,"href":"https:\/\/inces.gob.ve\/index.php\/wp-json\/wp\/v2\/media\/48155"}],"wp:attachment":[{"href":"https:\/\/inces.gob.ve\/index.php\/wp-json\/wp\/v2\/media?parent=48154"}],"wp:term":[{"taxonomy":"category","embeddable":true,"href":"https:\/\/inces.gob.ve\/index.php\/wp-json\/wp\/v2\/categories?post=48154"},{"taxonomy":"post_tag","embeddable":true,"href":"https:\/\/inces.gob.ve\/index.php\/wp-json\/wp\/v2\/tags?post=48154"}],"curies":[{"name":"wp","href":"https:\/\/api.w.org\/{rel}","templated":true}]}}