{"id":48177,"date":"2022-11-25T12:43:52","date_gmt":"2022-11-25T16:43:52","guid":{"rendered":"https:\/\/inces.gob.ve\/?p=48177"},"modified":"2022-11-28T11:19:19","modified_gmt":"2022-11-28T15:19:19","slug":"los-emprendedores-tienen-en-el-inces-una-escuela-de-formacion-para-asegurar-su-futuro","status":"publish","type":"post","link":"https:\/\/inces.gob.ve\/index.php\/2022\/11\/25\/los-emprendedores-tienen-en-el-inces-una-escuela-de-formacion-para-asegurar-su-futuro\/","title":{"rendered":"Los Emprendedores tienen en el Inces una Escuela de Formaci\u00f3n para Asegurar su Futuro"},"content":{"rendered":"<p align=\"justify\"><span style=\"font-family: helvetica, sans-serif;\"><span style=\"font-size: large;\"><i><b>**El apoyo a los emprendimientos es fundamental en la nueva etapa econ\u00f3mica que se abre para Venezuela. Nicolas Maduro<\/b><\/i><\/span><\/span><!--more--><\/p>\n<p align=\"justify\"><span style=\"font-family: helvetica, sans-serif;\"><span style=\"font-size: large;\">Dimas P\u00e1ez<\/span><\/span><\/p>\n<p align=\"justify\"><span style=\"font-family: helvetica, sans-serif;\"><span style=\"font-size: large;\">F\/ Rafael Urbina<\/span><\/span><\/p>\n<p align=\"justify\"><span style=\"font-family: helvetica, sans-serif;\"><span style=\"font-size: large;\">El director de Linea del Ministerio Poder Popular de Comercio Nacional Kevin Moros dicto un taller denominado \u201cVitrina Venezuela\u201d el mismo se realizo en el edificio anexo del Inces en el piso 1 en la escuela de Emprendedores del Instituto Nacional de Capacitaci\u00f3n y Educaci\u00f3n Socialista (Inces).<\/span><\/span><\/p>\n<p align=\"justify\"><img loading=\"lazy\" decoding=\"async\" class=\"aligncenter wp-image-48179 size-full\" src=\"https:\/\/inces.gob.ve\/wp-content\/uploads\/2022\/11\/Escuela-de-Formacion-1--scaled-e1669394502130.jpg\" alt=\"\" width=\"800\" height=\"536\" srcset=\"https:\/\/inces.gob.ve\/wp-content\/uploads\/2022\/11\/Escuela-de-Formacion-1--scaled-e1669394502130.jpg 800w, https:\/\/inces.gob.ve\/wp-content\/uploads\/2022\/11\/Escuela-de-Formacion-1--scaled-e1669394502130-300x201.jpg 300w, https:\/\/inces.gob.ve\/wp-content\/uploads\/2022\/11\/Escuela-de-Formacion-1--scaled-e1669394502130-768x515.jpg 768w, https:\/\/inces.gob.ve\/wp-content\/uploads\/2022\/11\/Escuela-de-Formacion-1--scaled-e1669394502130-272x182.jpg 272w\" sizes=\"auto, (max-width: 800px) 100vw, 800px\" \/><\/p>\n<p align=\"justify\"><span style=\"font-family: helvetica, sans-serif;\"><span style=\"font-size: large;\">Vitrina Venezuela incentiva la cercan\u00eda entre el productor y el distribuidor directo lo que elimina las cadenas de distribuci\u00f3n con intermediarios que encarecen los costos, as\u00ed que pensando en su comodidad le ofrecemos diversos esquemas de compras.<\/span><\/span><\/p>\n<p align=\"justify\"><img loading=\"lazy\" decoding=\"async\" class=\"aligncenter wp-image-48181 size-full\" src=\"https:\/\/inces.gob.ve\/wp-content\/uploads\/2022\/11\/Escuela-de-Formacion-5--scaled-e1669394531372.jpg\" alt=\"\" width=\"800\" height=\"536\" srcset=\"https:\/\/inces.gob.ve\/wp-content\/uploads\/2022\/11\/Escuela-de-Formacion-5--scaled-e1669394531372.jpg 800w, https:\/\/inces.gob.ve\/wp-content\/uploads\/2022\/11\/Escuela-de-Formacion-5--scaled-e1669394531372-300x201.jpg 300w, https:\/\/inces.gob.ve\/wp-content\/uploads\/2022\/11\/Escuela-de-Formacion-5--scaled-e1669394531372-768x515.jpg 768w, https:\/\/inces.gob.ve\/wp-content\/uploads\/2022\/11\/Escuela-de-Formacion-5--scaled-e1669394531372-272x182.jpg 272w\" sizes=\"auto, (max-width: 800px) 100vw, 800px\" \/><\/p>\n<p align=\"justify\"><span style=\"font-family: helvetica, sans-serif;\"><span style=\"font-size: large;\">Por su parte Kevin Moros explico cual es el objetivo principal de Vitrina Venezuela: \u201cEs un ente que va en har\u00e1s de la formaci\u00f3n, formalizaci\u00f3n, financiamiento y ferias con todos nuestros agentes adscritas tratamos de engranar para poder ayudar a todos los emprendedores en su formalizaci\u00f3n con ellos nuestro equipo de pol\u00edtica p\u00fablica va a realizar lo que es la P<\/span><\/span><strong><span style=\"font-family: helvetica, sans-serif;\"><span style=\"font-size: large;\">eque\u00f1a y Mediana Empresa (<\/span><\/span><\/strong><span style=\"font-family: helvetica, sans-serif;\"><span style=\"font-size: large;\">Pyme), para ayudarlo a constituir sus empresas\u201d.<\/span><\/span><\/p>\n<p align=\"justify\"><img loading=\"lazy\" decoding=\"async\" class=\"aligncenter wp-image-48182 size-full\" src=\"https:\/\/inces.gob.ve\/wp-content\/uploads\/2022\/11\/Escuela-de-Formacion-6--scaled-e1669394550526.jpg\" alt=\"\" width=\"800\" height=\"536\" srcset=\"https:\/\/inces.gob.ve\/wp-content\/uploads\/2022\/11\/Escuela-de-Formacion-6--scaled-e1669394550526.jpg 800w, https:\/\/inces.gob.ve\/wp-content\/uploads\/2022\/11\/Escuela-de-Formacion-6--scaled-e1669394550526-300x201.jpg 300w, https:\/\/inces.gob.ve\/wp-content\/uploads\/2022\/11\/Escuela-de-Formacion-6--scaled-e1669394550526-768x515.jpg 768w, https:\/\/inces.gob.ve\/wp-content\/uploads\/2022\/11\/Escuela-de-Formacion-6--scaled-e1669394550526-272x182.jpg 272w\" sizes=\"auto, (max-width: 800px) 100vw, 800px\" \/><\/p>\n<p align=\"justify\"><span style=\"font-family: helvetica, sans-serif;\"><span style=\"font-size: large;\">Continuo Moros explicando los procesos: \u201ccontinuamos aport\u00e1ndole nuestro acompa\u00f1amiento para crear el comercio electr\u00f3nico, esto se va para que ellos puedan empezar a vender todos sus productos y darse a conocer a nivel nacional, aparte de conocer todo ese talento que llevan y as\u00ed lo vamos guiando en todo el trayecto, para que ellos puedan crear todas esas alianzas entre ellos mismos y lleguen a convenios, para poder crear menores costos y aumentar las ventas\u201d.<\/span><\/span><\/p>\n<p align=\"justify\"><img loading=\"lazy\" decoding=\"async\" class=\"aligncenter wp-image-48178 size-full\" src=\"https:\/\/inces.gob.ve\/wp-content\/uploads\/2022\/11\/Escuela-de-Formacion4--scaled-e1669394567314.jpg\" alt=\"\" width=\"800\" height=\"536\" srcset=\"https:\/\/inces.gob.ve\/wp-content\/uploads\/2022\/11\/Escuela-de-Formacion4--scaled-e1669394567314.jpg 800w, https:\/\/inces.gob.ve\/wp-content\/uploads\/2022\/11\/Escuela-de-Formacion4--scaled-e1669394567314-300x201.jpg 300w, https:\/\/inces.gob.ve\/wp-content\/uploads\/2022\/11\/Escuela-de-Formacion4--scaled-e1669394567314-768x515.jpg 768w, https:\/\/inces.gob.ve\/wp-content\/uploads\/2022\/11\/Escuela-de-Formacion4--scaled-e1669394567314-272x182.jpg 272w\" sizes=\"auto, (max-width: 800px) 100vw, 800px\" \/><\/p>\n<p align=\"justify\"><span style=\"font-family: helvetica, sans-serif;\"><span style=\"font-size: large;\">El acompa\u00f1amiento de <\/span><\/span><strong><span style=\"font-family: helvetica, sans-serif;\"><span style=\"font-size: large;\">Vitrina Produce <\/span><\/span><\/strong><span style=\"font-family: helvetica, sans-serif;\"><span style=\"font-size: large;\">permite una correcta y efectiva fijaci\u00f3n de la rentabilidad, a trav\u00e9s del an\u00e1lisis de los \u00edndices de productividad del negocio, la rentabilidad global de los capitales invertidos, los costos unitarios en cada producto, entre otros an\u00e1lisis, con los cuales apoyamos a los productores.<\/span><\/span><\/p>\n","protected":false},"excerpt":{"rendered":"<p>**El apoyo a los emprendimientos es fundamental en la nueva etapa econ\u00f3mica que se abre para Venezuela. Nicolas Maduro<\/p>\n","protected":false},"author":15,"featured_media":48180,"comment_status":"closed","ping_status":"closed","sticky":false,"template":"","format":"standard","meta":{"footnotes":""},"categories":[2],"tags":[],"class_list":["post-48177","post","type-post","status-publish","format-standard","has-post-thumbnail","hentry","category-blog"],"_links":{"self":[{"href":"https:\/\/inces.gob.ve\/index.php\/wp-json\/wp\/v2\/posts\/48177","targetHints":{"allow":["GET"]}}],"collection":[{"href":"https:\/\/inces.gob.ve\/index.php\/wp-json\/wp\/v2\/posts"}],"about":[{"href":"https:\/\/inces.gob.ve\/index.php\/wp-json\/wp\/v2\/types\/post"}],"author":[{"embeddable":true,"href":"https:\/\/inces.gob.ve\/index.php\/wp-json\/wp\/v2\/users\/15"}],"replies":[{"embeddable":true,"href":"https:\/\/inces.gob.ve\/index.php\/wp-json\/wp\/v2\/comments?post=48177"}],"version-history":[{"count":2,"href":"https:\/\/inces.gob.ve\/index.php\/wp-json\/wp\/v2\/posts\/48177\/revisions"}],"predecessor-version":[{"id":48184,"href":"https:\/\/inces.gob.ve\/index.php\/wp-json\/wp\/v2\/posts\/48177\/revisions\/48184"}],"wp:featuredmedia":[{"embeddable":true,"href":"https:\/\/inces.gob.ve\/index.php\/wp-json\/wp\/v2\/media\/48180"}],"wp:attachment":[{"href":"https:\/\/inces.gob.ve\/index.php\/wp-json\/wp\/v2\/media?parent=48177"}],"wp:term":[{"taxonomy":"category","embeddable":true,"href":"https:\/\/inces.gob.ve\/index.php\/wp-json\/wp\/v2\/categories?post=48177"},{"taxonomy":"post_tag","embeddable":true,"href":"https:\/\/inces.gob.ve\/index.php\/wp-json\/wp\/v2\/tags?post=48177"}],"curies":[{"name":"wp","href":"https:\/\/api.w.org\/{rel}","templated":true}]}}