{"id":48185,"date":"2022-11-25T12:48:48","date_gmt":"2022-11-25T16:48:48","guid":{"rendered":"https:\/\/inces.gob.ve\/?p=48185"},"modified":"2022-11-25T12:49:00","modified_gmt":"2022-11-25T16:49:00","slug":"aragua-cfs-el-limon-se-mantiene-en-jornada-de-embellecimiento-y-limpieza-de-las-areas-verdes","status":"publish","type":"post","link":"https:\/\/inces.gob.ve\/index.php\/2022\/11\/25\/aragua-cfs-el-limon-se-mantiene-en-jornada-de-embellecimiento-y-limpieza-de-las-areas-verdes\/","title":{"rendered":"ARAGUA | CFS El Lim\u00f3n se mantiene en jornada de embellecimiento y limpieza de las \u00e1reas verdes"},"content":{"rendered":"<p style=\"text-align: justify;\"><em><span style=\"font-family: helvetica, arial, sans-serif; font-size: 14pt;\"><b>** La recuperaci\u00f3n y desinfecci\u00f3n de \u00e1reas internas, con su respectivo mantenimiento, tienen la intenci\u00f3n mejorar las instalaciones del Inces El Lim\u00f3n<\/b><\/span><\/em><!--more--><\/p>\n<p>&nbsp;<\/p>\n<p style=\"text-align: justify;\"><span style=\"font-family: helvetica, arial, sans-serif; font-size: 14pt;\"><b>NINOSKA PATRIZ<\/b><\/span><\/p>\n<p style=\"text-align: justify;\" align=\"justify\"><span style=\"font-family: helvetica, arial, sans-serif; font-size: 14pt;\">Gracias al apoyo de la\u00a0jefa de la Divisi\u00f3n de Infraestructura y Servicios,\u00a0Dulce Mar\u00eda\u00a0y a la\u00a0jefa de la Divisi\u00f3n de Talento Humano,\u00a0Estilita Salazar se consigui\u00f3 el contacto con el cami\u00f3n para botar los desechos vegetales en la jornada de limpieza. Al contar con dos camiones se pudo trasladar ese material y el resto de los escombros que se encontraban alrededor de la instituci\u00f3n.<\/span><\/p>\n<p align=\"justify\"><img loading=\"lazy\" decoding=\"async\" class=\"aligncenter wp-image-48188 \" src=\"https:\/\/inces.gob.ve\/wp-content\/uploads\/2022\/11\/embellecimiento-y-limpieza-4-.jpeg\" alt=\"\" width=\"484\" height=\"646\" srcset=\"https:\/\/inces.gob.ve\/wp-content\/uploads\/2022\/11\/embellecimiento-y-limpieza-4-.jpeg 768w, https:\/\/inces.gob.ve\/wp-content\/uploads\/2022\/11\/embellecimiento-y-limpieza-4--225x300.jpeg 225w, https:\/\/inces.gob.ve\/wp-content\/uploads\/2022\/11\/embellecimiento-y-limpieza-4--576x768.jpeg 576w\" sizes=\"auto, (max-width: 484px) 100vw, 484px\" \/><\/p>\n<p style=\"text-align: justify;\" align=\"justify\"><span style=\"font-family: helvetica, arial, sans-serif; font-size: 14pt;\">As\u00ed lo manifest\u00f3 el jefe del Centro de Formaci\u00f3n Socialista, Carlos Vivas, quien trabajando junto a sus trabajadores indic\u00f3 que desde tempranas horas todos colocaron su granito de arena para darle cari\u00f1o a la infraestructura. \u201cGracias a la participaci\u00f3n del personal de mantenimiento, personal de confianza y el apoyo recibido, seguiremos realizando la recolecci\u00f3n de basura y limpieza general, pues se trata de elevar el sentido de pertenencia\u201d, destac\u00f3 Vivas.<\/span><\/p>\n<p style=\"text-align: justify;\" align=\"justify\"><span style=\"font-family: helvetica, arial, sans-serif; font-size: 14pt;\">De esta manera, se supo que se seguir\u00e1n desarrollando actividades de mantenimiento para ofrecerle una buena y digna atenci\u00f3n al pueblo venezolano. \u201dTrabajadores y estudiantes de manera consciente est\u00e1n sumados a la labor voluntaria como un acto de amor y solidaridad hacia el ente formativo\u201d, destac\u00f3 el jefe de Centro.<\/span><\/p>\n<p align=\"justify\"><img loading=\"lazy\" decoding=\"async\" class=\"aligncenter wp-image-48187 \" src=\"https:\/\/inces.gob.ve\/wp-content\/uploads\/2022\/11\/embellecimiento-y-limpieza-2-.jpeg\" alt=\"\" width=\"501\" height=\"668\" srcset=\"https:\/\/inces.gob.ve\/wp-content\/uploads\/2022\/11\/embellecimiento-y-limpieza-2-.jpeg 768w, https:\/\/inces.gob.ve\/wp-content\/uploads\/2022\/11\/embellecimiento-y-limpieza-2--225x300.jpeg 225w, https:\/\/inces.gob.ve\/wp-content\/uploads\/2022\/11\/embellecimiento-y-limpieza-2--576x768.jpeg 576w\" sizes=\"auto, (max-width: 501px) 100vw, 501px\" \/><\/p>\n<p style=\"text-align: justify;\" align=\"justify\"><span style=\"font-family: helvetica, arial, sans-serif; font-size: 14pt;\">Tambi\u00e9n indic\u00f3 que. \u201cEl rescate de los valores morales y \u00e9ticos es primordial, en todo proceso de formaci\u00f3n, por ello llevamos a cabo estas pr\u00e1cticas revolucionarias.\u00a0<\/span><\/p>\n","protected":false},"excerpt":{"rendered":"<p>** La recuperaci\u00f3n y desinfecci\u00f3n de \u00e1reas internas, con su respectivo mantenimiento, tienen la intenci\u00f3n mejorar las instalaciones del Inces El Lim\u00f3n<\/p>\n","protected":false},"author":15,"featured_media":48186,"comment_status":"closed","ping_status":"closed","sticky":false,"template":"","format":"standard","meta":{"footnotes":""},"categories":[2],"tags":[],"class_list":["post-48185","post","type-post","status-publish","format-standard","has-post-thumbnail","hentry","category-blog"],"_links":{"self":[{"href":"https:\/\/inces.gob.ve\/index.php\/wp-json\/wp\/v2\/posts\/48185","targetHints":{"allow":["GET"]}}],"collection":[{"href":"https:\/\/inces.gob.ve\/index.php\/wp-json\/wp\/v2\/posts"}],"about":[{"href":"https:\/\/inces.gob.ve\/index.php\/wp-json\/wp\/v2\/types\/post"}],"author":[{"embeddable":true,"href":"https:\/\/inces.gob.ve\/index.php\/wp-json\/wp\/v2\/users\/15"}],"replies":[{"embeddable":true,"href":"https:\/\/inces.gob.ve\/index.php\/wp-json\/wp\/v2\/comments?post=48185"}],"version-history":[{"count":1,"href":"https:\/\/inces.gob.ve\/index.php\/wp-json\/wp\/v2\/posts\/48185\/revisions"}],"predecessor-version":[{"id":48189,"href":"https:\/\/inces.gob.ve\/index.php\/wp-json\/wp\/v2\/posts\/48185\/revisions\/48189"}],"wp:featuredmedia":[{"embeddable":true,"href":"https:\/\/inces.gob.ve\/index.php\/wp-json\/wp\/v2\/media\/48186"}],"wp:attachment":[{"href":"https:\/\/inces.gob.ve\/index.php\/wp-json\/wp\/v2\/media?parent=48185"}],"wp:term":[{"taxonomy":"category","embeddable":true,"href":"https:\/\/inces.gob.ve\/index.php\/wp-json\/wp\/v2\/categories?post=48185"},{"taxonomy":"post_tag","embeddable":true,"href":"https:\/\/inces.gob.ve\/index.php\/wp-json\/wp\/v2\/tags?post=48185"}],"curies":[{"name":"wp","href":"https:\/\/api.w.org\/{rel}","templated":true}]}}