{"id":48240,"date":"2022-11-28T09:19:49","date_gmt":"2022-11-28T13:19:49","guid":{"rendered":"https:\/\/inces.gob.ve\/?p=48240"},"modified":"2022-11-28T09:57:41","modified_gmt":"2022-11-28T13:57:41","slug":"la-urgente-educacion-tecnica-y-profesional-por-alfredo-carquez","status":"publish","type":"post","link":"https:\/\/inces.gob.ve\/index.php\/2022\/11\/28\/la-urgente-educacion-tecnica-y-profesional-por-alfredo-carquez\/","title":{"rendered":"La urgente Educaci\u00f3n T\u00e9cnica y Profesional \/ Por Alfredo Carquez"},"content":{"rendered":"<p style=\"text-align: justify;\"><strong><em><span style=\"font-size: 14pt; font-family: helvetica, arial, sans-serif;\">Tinta cruda<\/span><\/em><\/strong><\/p>\n<p><strong><em><span style=\"font-size: 14pt; font-family: helvetica, arial, sans-serif;\">Todos los caminos para llegar al desarrollo pasan por la mejora de la educaci\u00f3n de la poblaci\u00f3n<\/span><\/em><\/strong><\/p>\n<p>&nbsp;<\/p>\n<p><!--more--><\/p>\n<p style=\"text-align: justify;\"><span style=\"font-weight: 400; font-size: 14pt; font-family: helvetica, arial, sans-serif;\">Este factor condiciona todo lo dem\u00e1s: el buen funcionamiento de los servicios p\u00fablicos (agua potable, aguas servidas, transporte subterr\u00e1neo, superficial, a\u00e9reo, mar\u00edtimo; electricidad, telefon\u00eda, Internet), el mantenimiento de toda clase de infraestructura; la existencia de un sistema de salud p\u00fablica de calidad, la producci\u00f3n y acceso a alimentaci\u00f3n de calidad; la seguridad ciudadana y hasta la soberan\u00eda nacional. Y a pesar de que la lista es larga, seguro estoy de que se me escapan otros elementos.<\/span><\/p>\n<p style=\"text-align: justify;\"><span style=\"font-weight: 400; font-size: 14pt; font-family: helvetica, arial, sans-serif;\">Pero mejor vayamos al tema que se anuncia en el t\u00edtulo. Si bien lo que se afirma arriba es as\u00ed, es a\u00fan m\u00e1s cierto que es la Educaci\u00f3n T\u00e9cnica y Profesional un subsistema (que por cierto no existe a\u00fan en Venezuela) que en naciones como Alemania, Suiza, explican en buena parte el avance industrial, la creaci\u00f3n de innovaciones y t\u00e9cnicas, en paralelo con bajas tasas de desempleo juvenil, como es el caso de M\u00e9xico en Am\u00e9rica Latina.<\/span><\/p>\n<p style=\"text-align: justify;\"><span style=\"font-weight: 400; font-size: 14pt; font-family: helvetica, arial, sans-serif;\">De acuerdo con la organizaci\u00f3n de las Naciones Unidas para la Educaci\u00f3n, la Ciencia y la Cultura (Unesco) la Educaci\u00f3n T\u00e9cnica Profesional es aquella que apunta a la creaci\u00f3n de las competencias para el trabajo y la vida, es la rama de la educaci\u00f3n que vincula el aprendizaje con un mundo laboral sometido a una constante y r\u00e1pida evoluci\u00f3n.<\/span><\/p>\n<p style=\"text-align: justify;\"><span style=\"font-weight: 400; font-size: 14pt; font-family: helvetica, arial, sans-serif;\">\u00ab&#8230; La ense\u00f1anza y la formaci\u00f3n t\u00e9cnica y profesional (EFTP) ayudan a los j\u00f3venes y a los adultos a adquirir las capacidades, los conocimientos, los valores y las actitudes que necesitan para encontrar un trabajo decente y contribuir a la construcci\u00f3n de un mundo pac\u00edfico, sano, justo y sostenible. La EFTP contribuye a alcanzar las metas del Objetivo de Desarrollo Sostenible de \u2018&#8230; garantizar una educaci\u00f3n inclusiva, equitativa y de calidad y promover oportunidades de aprendizaje durante toda la vida para todos\u2019&#8230;\u00bb.<\/span><\/p>\n<p style=\"text-align: justify;\"><span style=\"font-weight: 400; font-size: 14pt; font-family: helvetica, arial, sans-serif;\">La urgencia de tomar en serio este asunto en Venezuela se hace evidente cuando se constata el impacto que la guerra econ\u00f3mica y el bloqueo ordenado por Estados Unidos y secundado servilmente por la Uni\u00f3n Europea y pa\u00edses como Canad\u00e1, Jap\u00f3n y Australia ha ocasionado graves perjuicios en el sector productivo nacional.<\/span><\/p>\n<p style=\"text-align: justify;\"><span style=\"font-weight: 400; font-size: 14pt; font-family: helvetica, arial, sans-serif;\">El rescate de nuestra peque\u00f1a y mediana industria, por ejemplo, no solamente requiere de inversiones en capital, pues para lograr su despegue prela la incorporaci\u00f3n de personal capacitado para el trabajo. Y la formaci\u00f3n de estas personas casi que para ya y para el futuro inmediato pasa por la incorporaci\u00f3n de la EFTP en el sistema educativo venezolano..<\/span><\/p>\n<p style=\"text-align: justify;\"><span style=\"font-weight: 400; font-size: 14pt; font-family: helvetica, arial, sans-serif;\">alfredo.carquez@gmail.com<\/span><\/p>\n<p style=\"text-align: justify;\">\n","protected":false},"excerpt":{"rendered":"<p>Tinta cruda Todos los caminos para llegar al desarrollo pasan por la mejora de la educaci\u00f3n de la poblaci\u00f3n &nbsp;<\/p>\n","protected":false},"author":4,"featured_media":0,"comment_status":"closed","ping_status":"closed","sticky":false,"template":"","format":"standard","meta":{"footnotes":""},"categories":[2],"tags":[],"class_list":["post-48240","post","type-post","status-publish","format-standard","hentry","category-blog"],"_links":{"self":[{"href":"https:\/\/inces.gob.ve\/index.php\/wp-json\/wp\/v2\/posts\/48240","targetHints":{"allow":["GET"]}}],"collection":[{"href":"https:\/\/inces.gob.ve\/index.php\/wp-json\/wp\/v2\/posts"}],"about":[{"href":"https:\/\/inces.gob.ve\/index.php\/wp-json\/wp\/v2\/types\/post"}],"author":[{"embeddable":true,"href":"https:\/\/inces.gob.ve\/index.php\/wp-json\/wp\/v2\/users\/4"}],"replies":[{"embeddable":true,"href":"https:\/\/inces.gob.ve\/index.php\/wp-json\/wp\/v2\/comments?post=48240"}],"version-history":[{"count":3,"href":"https:\/\/inces.gob.ve\/index.php\/wp-json\/wp\/v2\/posts\/48240\/revisions"}],"predecessor-version":[{"id":48250,"href":"https:\/\/inces.gob.ve\/index.php\/wp-json\/wp\/v2\/posts\/48240\/revisions\/48250"}],"wp:attachment":[{"href":"https:\/\/inces.gob.ve\/index.php\/wp-json\/wp\/v2\/media?parent=48240"}],"wp:term":[{"taxonomy":"category","embeddable":true,"href":"https:\/\/inces.gob.ve\/index.php\/wp-json\/wp\/v2\/categories?post=48240"},{"taxonomy":"post_tag","embeddable":true,"href":"https:\/\/inces.gob.ve\/index.php\/wp-json\/wp\/v2\/tags?post=48240"}],"curies":[{"name":"wp","href":"https:\/\/api.w.org\/{rel}","templated":true}]}}