{"id":48284,"date":"2022-11-28T18:46:01","date_gmt":"2022-11-28T22:46:01","guid":{"rendered":"https:\/\/inces.gob.ve\/?p=48284"},"modified":"2022-11-29T22:45:25","modified_gmt":"2022-11-30T02:45:25","slug":"falcon-inces-y-el-mpppe-se-preparan-para-la-implementacion-del-bachillerato-tecnico-profesional","status":"publish","type":"post","link":"https:\/\/inces.gob.ve\/index.php\/2022\/11\/28\/falcon-inces-y-el-mpppe-se-preparan-para-la-implementacion-del-bachillerato-tecnico-profesional\/","title":{"rendered":"FALC\u00d3N | Inces y el Mppe se preparan para la implementaci\u00f3n del Bachillerato T\u00e9cnico Profesional"},"content":{"rendered":"<div id=\":bgx\">\n<div id=\":1np\">\n<div dir=\"ltr\">\n<p style=\"text-align: justify;\" align=\"center\"><em><strong><span style=\"font-family: helvetica, arial, sans-serif; font-size: 14pt;\">**Es una propuesta curricular y pedag\u00f3gica con car\u00e1cter productivo en el nivel de educaci\u00f3n media<\/span><\/strong><\/em><\/p>\n<\/div>\n<\/div>\n<\/div>\n<p><!--more--><\/p>\n<div id=\":1np\">\n<div dir=\"ltr\">\n<p style=\"text-align: justify;\" align=\"justify\"><strong><span style=\"font-family: helvetica, arial, sans-serif; font-size: 14pt;\">MIRIAM GONZ\u00c1LEZ VILLARROEL<\/span><\/strong><\/p>\n<p style=\"text-align: justify;\" align=\"justify\"><span style=\"font-family: helvetica, arial, sans-serif; font-size: 14pt;\">El Instituto Nacional de Capacitaci\u00f3n y Educaci\u00f3n Socialista (Inces) de acuerdo a orientaciones del Ministerio del Poder Popular para la Educaci\u00f3n (Mppe) sostuvo un importante encuentro con el personal directivo del Liceo Nacional \u00abMaestro Gallegos\u00bb, en la ciudad de Punto Fijo, para socializar las orientaciones sobre el Bachillerato T\u00e9cnico Profesional para el a\u00f1o escolar 2022-2023.<\/span><\/p>\n<p style=\"text-align: justify;\" align=\"justify\"><span style=\"font-family: helvetica, arial, sans-serif; font-size: 14pt;\">Para tal acci\u00f3n, la Gerencia Regional del Inces, representada por el jefe de Formaci\u00f3n Profesional, Jean Carlos Tablero; la jefe del centro de formaci\u00f3n socialista \u00abAli Primera\u00bb, Elis Colina y maestros t\u00e9cnicos productivos (MTP), se encontraron con la directora del plantel educativo, Lionsa de Flores, quien estuvo acompa\u00f1ada por la supervisora del circuito escolar 5 y personal del liceo, con la finalidad de establecer acuerdos sobre la creaci\u00f3n de una propuesta curricular y pedag\u00f3gica con car\u00e1cter productivo en el nivel de educaci\u00f3n media general.<\/span><\/p>\n<p style=\"text-align: justify;\" align=\"justify\"><span style=\"font-family: helvetica, arial, sans-serif; font-size: 14pt;\">\u00abEn el estado Falc\u00f3n, el Liceo Nacional \u00abMaestro Gallegos\u00bb es centro piloto y por tal motivo, y como parte de estas orientaciones del Mppe, se hizo necesario crear sinergia con el personal directivo y docente de esta instituci\u00f3n educativa, para crear un plan de acci\u00f3n formativo que atienda a los motores productivos y promueva el inter\u00e9s en los estudiantes\u00bb, puntualiz\u00f3 Jean Carlos Tablero, jefe de Formaci\u00f3n Profesional del Inces.<\/span><\/p>\n<p style=\"text-align: justify;\" align=\"justify\"><span style=\"font-family: helvetica, arial, sans-serif; font-size: 14pt;\">Destacaron los representantes del Inces, con este plan de estudios se tiene como objetivo explorar la vocaci\u00f3n profesional de los j\u00f3venes y lograr como resultado una educaci\u00f3n profesional con pertinencia, que atienda a las potencialidades de cada regi\u00f3n y est\u00e9 vinculada al trabajo productivo.<\/span><\/p>\n<p style=\"text-align: justify;\" align=\"justify\"><span style=\"font-family: helvetica, arial, sans-serif; font-size: 14pt;\">El Inces y el Mppe, en este proceso estar\u00e1n haciendo acompa\u00f1amiento pedag\u00f3gico de los procesos formativos, orientando y apoyando donde sea necesario, tomando en cuenta que los motores productivos priorizados son: Agroalimentario, industria, Turismo, Telecomunicaciones, Hidrocarburos e Inform\u00e1tica entre otros de inter\u00e9s.<\/span><\/p>\n<p style=\"text-align: justify;\" align=\"justify\"><span style=\"font-family: helvetica, arial, sans-serif; font-size: 14pt;\">Finalmente informaron que dentro de los acuerdos y acciones a seguir para el pr\u00f3ximo 1ero de diciembre, se tiene previsto un encuentro con los padres y representantes de 476 j\u00f3venes, futuros bachilleres que actualmente cursan de 1ero a 5to A\u00f1o para socializar sobre el Bachillerato T\u00e9cnico Profesional y la importancia de su participaci\u00f3n en este proceso; igualmente, est\u00e1n invitados los representantes del Movimiento Bolivariano de Familias (MBF) y el Consejo Municipal de los Derechos del Ni\u00f1o, Ni\u00f1a y Adolescente (Cmdnna).<\/span><\/p>\n<div style=\"text-align: justify;\"><\/div>\n<div style=\"text-align: justify;\"><\/div>\n<\/div>\n<\/div>\n","protected":false},"excerpt":{"rendered":"<p>**Es una propuesta curricular y pedag\u00f3gica con car\u00e1cter productivo en el nivel de educaci\u00f3n media<\/p>\n","protected":false},"author":4,"featured_media":48285,"comment_status":"closed","ping_status":"closed","sticky":false,"template":"","format":"standard","meta":{"footnotes":""},"categories":[2],"tags":[],"class_list":["post-48284","post","type-post","status-publish","format-standard","has-post-thumbnail","hentry","category-blog"],"_links":{"self":[{"href":"https:\/\/inces.gob.ve\/index.php\/wp-json\/wp\/v2\/posts\/48284","targetHints":{"allow":["GET"]}}],"collection":[{"href":"https:\/\/inces.gob.ve\/index.php\/wp-json\/wp\/v2\/posts"}],"about":[{"href":"https:\/\/inces.gob.ve\/index.php\/wp-json\/wp\/v2\/types\/post"}],"author":[{"embeddable":true,"href":"https:\/\/inces.gob.ve\/index.php\/wp-json\/wp\/v2\/users\/4"}],"replies":[{"embeddable":true,"href":"https:\/\/inces.gob.ve\/index.php\/wp-json\/wp\/v2\/comments?post=48284"}],"version-history":[{"count":4,"href":"https:\/\/inces.gob.ve\/index.php\/wp-json\/wp\/v2\/posts\/48284\/revisions"}],"predecessor-version":[{"id":48380,"href":"https:\/\/inces.gob.ve\/index.php\/wp-json\/wp\/v2\/posts\/48284\/revisions\/48380"}],"wp:featuredmedia":[{"embeddable":true,"href":"https:\/\/inces.gob.ve\/index.php\/wp-json\/wp\/v2\/media\/48285"}],"wp:attachment":[{"href":"https:\/\/inces.gob.ve\/index.php\/wp-json\/wp\/v2\/media?parent=48284"}],"wp:term":[{"taxonomy":"category","embeddable":true,"href":"https:\/\/inces.gob.ve\/index.php\/wp-json\/wp\/v2\/categories?post=48284"},{"taxonomy":"post_tag","embeddable":true,"href":"https:\/\/inces.gob.ve\/index.php\/wp-json\/wp\/v2\/tags?post=48284"}],"curies":[{"name":"wp","href":"https:\/\/api.w.org\/{rel}","templated":true}]}}