{"id":48294,"date":"2022-11-24T10:12:11","date_gmt":"2022-11-24T14:12:11","guid":{"rendered":"https:\/\/inces.gob.ve\/?p=48294"},"modified":"2022-11-29T10:12:25","modified_gmt":"2022-11-29T14:12:25","slug":"trujillo-inces-participa-en-el-encendido-de-luces-de-valera","status":"publish","type":"post","link":"https:\/\/inces.gob.ve\/index.php\/2022\/11\/24\/trujillo-inces-participa-en-el-encendido-de-luces-de-valera\/","title":{"rendered":"TRUJILLO | Inces participa en el encendido de luces de Valera"},"content":{"rendered":"<div id=\":bhc\" style=\"text-align: justify;\">\n<div class=\"qQVYZb\"><\/div>\n<div class=\"btm\"><strong><em><span style=\"font-family: helvetica, arial, sans-serif; font-size: 14pt;\">** El Inces Trujillo aport\u00f3 significativamente al encendido de luces de la plaza Las Banderas, del municipio Valera, gracias a la dedicaci\u00f3n y esmero de sus trabajadores, brindando as\u00ed espacios para el disfrute y esparcimiento de la familia trujillana en la temporada decembrina<\/span><\/em><\/strong><\/div>\n<\/div>\n<p><!--more--><\/p>\n<div class=\"\">\n<div id=\":c4m\" class=\"ii gt\">\n<div id=\":10l\" class=\"a3s aiL \">\n<div dir=\"ltr\">\n<div id=\"m_5786635931486490121gmail-:16i\">\n<div id=\"m_5786635931486490121gmail-:192\">\n<div dir=\"ltr\">\n<p>&nbsp;<\/p>\n<p style=\"text-align: justify;\"><strong><span style=\"font-family: helvetica, arial, sans-serif;\"><span style=\"font-size: 18.6667px;\">MAR\u00cdA CABRERA<\/span><\/span><\/strong><\/p>\n<p style=\"text-align: justify;\"><span style=\"font-size: 14pt; font-family: helvetica, arial, sans-serif;\">Al comp\u00e1s de la cuenta regresiva fueron encendidas las luces de colores navide\u00f1os colocadas en la plaza Las Banderas por parte del gobernador del estado, My. Gerardo M\u00e1rquez, quien se mostr\u00f3 muy satisfecho por el trabajo que los seis organismos efectuaron y el cual calific\u00f3 sin precedentes en la entidad.<\/span><\/p>\n<p>&nbsp;<\/p>\n<p style=\"text-align: justify;\"><span style=\"font-size: 14pt; font-family: helvetica, arial, sans-serif;\">\u00abEl encendido de luces de la avenida Bol\u00edvar fue un acto sin precedentes, donde hubo una asistencia masiva del pueblo trujillano; y de verdad estoy impresionado por el esfuerzo de los directores del gobierno nacional y regional por la belleza, los diferentes motivos de la navidad en la avenida y por la participaci\u00f3n de la gente que llen\u00f3 10 cuadras de familias disfrutando el acto\u00bb, dijo el Gobernador.<\/span><\/p>\n<p>&nbsp;<\/p>\n<p style=\"text-align: justify;\"><span style=\"font-size: 14pt; font-family: helvetica, arial, sans-serif;\">El Inces Trujillo aport\u00f3 significativamente al encendido de luces de la plaza Las Banderas del municipio Valera, gracias a la dedicaci\u00f3n y esmero de sus trabajadores, brindando as\u00ed espacios para el disfrute y esparcimiento de la familia trujillana en la temporada decembrina.\u00a0<\/span><\/p>\n<p>&nbsp;<\/p>\n<p style=\"text-align: justify;\"><span style=\"font-size: 14pt; font-family: helvetica, arial, sans-serif;\">Asimismo, Alexis Brice\u00f1o, gerente regional del Inces, se mostr\u00f3 muy complacido por el trabajo y esfuerzo que los funcionarios \u00a0del organismo efectuaron al colocar su mano de obra de calidad para darle iluminaci\u00f3n a la plaza Las Banderas y darle vida decembrina a este espacio que merecen los valeranos.<\/span><\/p>\n<p>&nbsp;<\/p>\n<p style=\"text-align: justify;\"><span style=\"font-size: 14pt; font-family: helvetica, arial, sans-serif;\">\u00ab<\/span><span style=\"font-size: 14pt; font-family: helvetica, arial, sans-serif;\">Estoy muy orgulloso y agradecido con todo el personal que demostr\u00f3 su esfuerzo y por contar con un personal calificado que con su creatividad hicieron posible que se efectuar\u00e1 esta actividad, como el dise\u00f1o y elaboraci\u00f3n de figuras navide\u00f1as y distribuci\u00f3n de luces con el trabajo de los maestros t\u00e9cnicos productivos en Herrer\u00eda, Electricidad y\u00a0 Electr\u00f3nica; gracias tambi\u00e9n, a las articulaciones de los organismos que conforman el equipo para hacer posible este evento que contribuye al esfuerzo de Trujillo que impulsa el gobernador del estado, My Gerardo M\u00e1rquez, con actividades recreativas y culturales en diciembre, que merecemos todos para pasarla en familia[, dijo por \u00faltimo, Gerente del Inces Trujillo.<\/span><\/p>\n<\/div>\n<\/div>\n<\/div>\n<\/div>\n<\/div>\n<\/div>\n<\/div>\n","protected":false},"excerpt":{"rendered":"<p>** El Inces Trujillo aport\u00f3 significativamente al encendido de luces de la plaza Las Banderas, del municipio Valera, gracias a la dedicaci\u00f3n y esmero de sus trabajadores, brindando as\u00ed espacios para el disfrute y esparcimiento de la familia trujillana en la temporada decembrina<\/p>\n","protected":false},"author":4,"featured_media":0,"comment_status":"closed","ping_status":"closed","sticky":false,"template":"","format":"standard","meta":{"footnotes":""},"categories":[2],"tags":[],"class_list":["post-48294","post","type-post","status-publish","format-standard","hentry","category-blog"],"_links":{"self":[{"href":"https:\/\/inces.gob.ve\/index.php\/wp-json\/wp\/v2\/posts\/48294","targetHints":{"allow":["GET"]}}],"collection":[{"href":"https:\/\/inces.gob.ve\/index.php\/wp-json\/wp\/v2\/posts"}],"about":[{"href":"https:\/\/inces.gob.ve\/index.php\/wp-json\/wp\/v2\/types\/post"}],"author":[{"embeddable":true,"href":"https:\/\/inces.gob.ve\/index.php\/wp-json\/wp\/v2\/users\/4"}],"replies":[{"embeddable":true,"href":"https:\/\/inces.gob.ve\/index.php\/wp-json\/wp\/v2\/comments?post=48294"}],"version-history":[{"count":1,"href":"https:\/\/inces.gob.ve\/index.php\/wp-json\/wp\/v2\/posts\/48294\/revisions"}],"predecessor-version":[{"id":48295,"href":"https:\/\/inces.gob.ve\/index.php\/wp-json\/wp\/v2\/posts\/48294\/revisions\/48295"}],"wp:attachment":[{"href":"https:\/\/inces.gob.ve\/index.php\/wp-json\/wp\/v2\/media?parent=48294"}],"wp:term":[{"taxonomy":"category","embeddable":true,"href":"https:\/\/inces.gob.ve\/index.php\/wp-json\/wp\/v2\/categories?post=48294"},{"taxonomy":"post_tag","embeddable":true,"href":"https:\/\/inces.gob.ve\/index.php\/wp-json\/wp\/v2\/tags?post=48294"}],"curies":[{"name":"wp","href":"https:\/\/api.w.org\/{rel}","templated":true}]}}