{"id":48304,"date":"2022-11-29T11:19:25","date_gmt":"2022-11-29T15:19:25","guid":{"rendered":"https:\/\/inces.gob.ve\/?p=48304"},"modified":"2022-11-29T11:20:56","modified_gmt":"2022-11-29T15:20:56","slug":"merida-inces-acredito-ocupaciones-en-el-zoologico-chorro-de-milla","status":"publish","type":"post","link":"https:\/\/inces.gob.ve\/index.php\/2022\/11\/29\/merida-inces-acredito-ocupaciones-en-el-zoologico-chorro-de-milla\/","title":{"rendered":"M\u00c9RIDA | Inces acredit\u00f3 ocupaciones en el  Zool\u00f3gico Chorro de Milla"},"content":{"rendered":"<p style=\"text-align: justify;\"><em><strong>\u00a0<span style=\"font-family: helvetica, arial, sans-serif; font-size: 14pt;\">** Se trata de 20 trabajadores en diferentes ocupaciones relacionadas con las labores diarias del zool\u00f3gico<\/span><\/strong><\/em><!--more--><\/p>\n<p style=\"text-align: justify;\"><span style=\"font-family: helvetica, arial, sans-serif; font-size: 14pt;\"><em>\u00a0<\/em><\/span><\/p>\n<p style=\"text-align: justify;\"><span style=\"font-family: helvetica, arial, sans-serif; font-size: 14pt;\"><strong>NADIA LOBO<\/strong><\/span><\/p>\n<p style=\"text-align: justify;\"><span style=\"font-family: helvetica, arial, sans-serif; font-size: 14pt;\"><strong>\u00a0<\/strong>Cumpliendo con el plan de formaci\u00f3n y atenci\u00f3n a entidades de trabajo, el Inces, en alianza perfecta con la Corporaci\u00f3n Meride\u00f1a de Turismo (Cormetur), desarroll\u00f3 de manera exitosa una jornada de acreditaci\u00f3n de ocupaciones dirigida a 20 trabajadores del Parque Chorro de Milla de M\u00e9rida.<\/span><\/p>\n<p style=\"text-align: justify;\"><img loading=\"lazy\" decoding=\"async\" class=\"aligncenter wp-image-48308 size-full\" src=\"https:\/\/inces.gob.ve\/wp-content\/uploads\/2022\/11\/Inces-acredito-ocupaciones-4--e1669734968612.jpg\" alt=\"\" width=\"800\" height=\"450\" srcset=\"https:\/\/inces.gob.ve\/wp-content\/uploads\/2022\/11\/Inces-acredito-ocupaciones-4--e1669734968612.jpg 800w, https:\/\/inces.gob.ve\/wp-content\/uploads\/2022\/11\/Inces-acredito-ocupaciones-4--e1669734968612-300x169.jpg 300w, https:\/\/inces.gob.ve\/wp-content\/uploads\/2022\/11\/Inces-acredito-ocupaciones-4--e1669734968612-768x432.jpg 768w\" sizes=\"auto, (max-width: 800px) 100vw, 800px\" \/><\/p>\n<p style=\"text-align: justify;\"><span style=\"font-family: helvetica, arial, sans-serif; font-size: 14pt;\">As\u00ed lo inform\u00f3 el gerente regional del Inces, Geldrit Roca, quien adem\u00e1s de acompa\u00f1ar a los maestros t\u00e9cnicos productivos (MTP) de la Divisi\u00f3n de Formaci\u00f3n Profesional, manifest\u00f3 su satisfacci\u00f3n por la jornada de atenci\u00f3n y acreditaci\u00f3n a este grupo de trabajadores del sector turismo de esta entidad andina.<\/span><\/p>\n<p style=\"text-align: justify;\"><img loading=\"lazy\" decoding=\"async\" class=\"aligncenter wp-image-48306 size-full\" src=\"https:\/\/inces.gob.ve\/wp-content\/uploads\/2022\/11\/Inces-acredito-ocupaciones1--e1669735054665.jpg\" alt=\"\" width=\"800\" height=\"450\" srcset=\"https:\/\/inces.gob.ve\/wp-content\/uploads\/2022\/11\/Inces-acredito-ocupaciones1--e1669735054665.jpg 800w, https:\/\/inces.gob.ve\/wp-content\/uploads\/2022\/11\/Inces-acredito-ocupaciones1--e1669735054665-300x169.jpg 300w, https:\/\/inces.gob.ve\/wp-content\/uploads\/2022\/11\/Inces-acredito-ocupaciones1--e1669735054665-768x432.jpg 768w\" sizes=\"auto, (max-width: 800px) 100vw, 800px\" \/><\/p>\n<p style=\"text-align: justify;\"><span style=\"font-family: helvetica, arial, sans-serif; font-size: 14pt;\">De igual manera destac\u00f3, que la jornada permiti\u00f3, adem\u00e1s de realizar un recorrido por sus instalaciones, efectuar un diagn\u00f3stico de las necesidades formativas requeridas en sus diferentes dependencias, que permitan el fortalecimiento de los conocimientos t\u00e9cnicos y profesionales de sus trabajadores.<\/span><\/p>\n<p style=\"text-align: justify;\"><img loading=\"lazy\" decoding=\"async\" class=\"aligncenter wp-image-48309 size-full\" src=\"https:\/\/inces.gob.ve\/wp-content\/uploads\/2022\/11\/Inces-acredito-ocupaciones-5--e1669735080739.jpg\" alt=\"\" width=\"800\" height=\"450\" srcset=\"https:\/\/inces.gob.ve\/wp-content\/uploads\/2022\/11\/Inces-acredito-ocupaciones-5--e1669735080739.jpg 800w, https:\/\/inces.gob.ve\/wp-content\/uploads\/2022\/11\/Inces-acredito-ocupaciones-5--e1669735080739-300x169.jpg 300w, https:\/\/inces.gob.ve\/wp-content\/uploads\/2022\/11\/Inces-acredito-ocupaciones-5--e1669735080739-768x432.jpg 768w\" sizes=\"auto, (max-width: 800px) 100vw, 800px\" \/><\/p>\n<p style=\"text-align: justify;\"><span style=\"font-family: helvetica, arial, sans-serif; font-size: 14pt;\">Indic\u00f3 igualmente que la actividad de acreditaci\u00f3n de ocupaciones se viene desarrollando a trav\u00e9s de Divisi\u00f3n de Formaci\u00f3n del Inces-M\u00e9rida, \u00a0siguiendo las orientaciones del viceministro, Wuikelman \u00c1ngel Paredesy\u00a0 dando fiel cumplimiento con las pol\u00edticas del presidente Nicol\u00e1s Maduro, en cuanto a la atenci\u00f3n y la formaci\u00f3n en las entidades de trabajo.<\/span><\/p>\n<p style=\"text-align: justify;\"><span style=\"font-family: helvetica, arial, sans-serif; font-size: 14pt;\">\u00a0\u00a0\u00a0\u00a0\u00a0\u00a0\u00a0\u00a0\u00a0\u00a0\u00a0\u00a0\u00a0\u00a0\u00a0\u00a0\u00a0\u00a0\u00a0\u00a0\u00a0\u00a0<\/span><\/p>\n<p style=\"text-align: justify;\"><span style=\"font-family: helvetica, arial, sans-serif; font-size: 14pt;\">Roca enfatiz\u00f3 que el Inces, como instituci\u00f3n educativa, sigue comprometida en la formaci\u00f3n, instrucci\u00f3n y capacitaci\u00f3n t\u00e9cnica de la clase trabajadora, tanto de la empresa p\u00fablica, como privada que hace vida en la entidad.<\/span><\/p>\n","protected":false},"excerpt":{"rendered":"<p>\u00a0** Se trata de 20 trabajadores en diferentes ocupaciones relacionadas con las labores diarias del zool\u00f3gico<\/p>\n","protected":false},"author":15,"featured_media":48307,"comment_status":"closed","ping_status":"closed","sticky":false,"template":"","format":"standard","meta":{"footnotes":""},"categories":[2],"tags":[],"class_list":["post-48304","post","type-post","status-publish","format-standard","has-post-thumbnail","hentry","category-blog"],"_links":{"self":[{"href":"https:\/\/inces.gob.ve\/index.php\/wp-json\/wp\/v2\/posts\/48304","targetHints":{"allow":["GET"]}}],"collection":[{"href":"https:\/\/inces.gob.ve\/index.php\/wp-json\/wp\/v2\/posts"}],"about":[{"href":"https:\/\/inces.gob.ve\/index.php\/wp-json\/wp\/v2\/types\/post"}],"author":[{"embeddable":true,"href":"https:\/\/inces.gob.ve\/index.php\/wp-json\/wp\/v2\/users\/15"}],"replies":[{"embeddable":true,"href":"https:\/\/inces.gob.ve\/index.php\/wp-json\/wp\/v2\/comments?post=48304"}],"version-history":[{"count":1,"href":"https:\/\/inces.gob.ve\/index.php\/wp-json\/wp\/v2\/posts\/48304\/revisions"}],"predecessor-version":[{"id":48310,"href":"https:\/\/inces.gob.ve\/index.php\/wp-json\/wp\/v2\/posts\/48304\/revisions\/48310"}],"wp:featuredmedia":[{"embeddable":true,"href":"https:\/\/inces.gob.ve\/index.php\/wp-json\/wp\/v2\/media\/48307"}],"wp:attachment":[{"href":"https:\/\/inces.gob.ve\/index.php\/wp-json\/wp\/v2\/media?parent=48304"}],"wp:term":[{"taxonomy":"category","embeddable":true,"href":"https:\/\/inces.gob.ve\/index.php\/wp-json\/wp\/v2\/categories?post=48304"},{"taxonomy":"post_tag","embeddable":true,"href":"https:\/\/inces.gob.ve\/index.php\/wp-json\/wp\/v2\/tags?post=48304"}],"curies":[{"name":"wp","href":"https:\/\/api.w.org\/{rel}","templated":true}]}}