{"id":48348,"date":"2022-11-29T13:37:42","date_gmt":"2022-11-29T17:37:42","guid":{"rendered":"https:\/\/inces.gob.ve\/?p=48348"},"modified":"2022-11-29T13:38:03","modified_gmt":"2022-11-29T17:38:03","slug":"trujillo-trabajadores-del-inces-celebraron-su-dia","status":"publish","type":"post","link":"https:\/\/inces.gob.ve\/index.php\/2022\/11\/29\/trujillo-trabajadores-del-inces-celebraron-su-dia\/","title":{"rendered":"TRUJILLO | Trabajadores del Inces celebraron su d\u00eda"},"content":{"rendered":"<p style=\"text-align: justify;\"><span style=\"font-family: helvetica, arial, sans-serif; font-size: 14pt;\"><em><strong>**El gerente regional del Inces, Alexis Brice\u00f1o; destac\u00f3 que lo importante de este encuentro recreativo era \u00abverse en familia y disfrutar de momentos llenos de camarader\u00eda, alegr\u00eda y hermandad\u00bb<\/strong><\/em><\/span><br \/>\n<!--more--><\/p>\n<p style=\"text-align: justify;\"><span style=\"font-family: helvetica, arial, sans-serif; font-size: 14pt;\">MARIA CABRERA<\/span><\/p>\n<p style=\"text-align: justify;\"><span style=\"font-family: helvetica, arial, sans-serif; font-size: 14pt;\">Los trabajadores del Inces Trujillo celebraron su d\u00eda con actividades recreativas, culturales y deportivas que se organizaron en las instalaciones del Centro de Formaci\u00f3n Socialista \u201cAli Pr\u00edmera\u201d, donde se congreg\u00f3 gran parte del personal de n\u00f3mina adscrito a esta Gerencia Regional.<\/span><\/p>\n<p><img loading=\"lazy\" decoding=\"async\" class=\"aligncenter wp-image-48352 size-full\" src=\"https:\/\/inces.gob.ve\/wp-content\/uploads\/2022\/11\/Trab-Inces-celebraron-dia-5--e1669743241186.jpeg\" alt=\"\" width=\"800\" height=\"600\" srcset=\"https:\/\/inces.gob.ve\/wp-content\/uploads\/2022\/11\/Trab-Inces-celebraron-dia-5--e1669743241186.jpeg 800w, https:\/\/inces.gob.ve\/wp-content\/uploads\/2022\/11\/Trab-Inces-celebraron-dia-5--e1669743241186-300x225.jpeg 300w, https:\/\/inces.gob.ve\/wp-content\/uploads\/2022\/11\/Trab-Inces-celebraron-dia-5--e1669743241186-768x576.jpeg 768w, https:\/\/inces.gob.ve\/wp-content\/uploads\/2022\/11\/Trab-Inces-celebraron-dia-5--e1669743241186-136x102.jpeg 136w\" sizes=\"auto, (max-width: 800px) 100vw, 800px\" \/><\/p>\n<p style=\"text-align: justify;\"><span style=\"font-family: helvetica, arial, sans-serif; font-size: 14pt;\">Y es que desde temprano, se inici\u00f3 la celebraci\u00f3n con un juego de voleibol mixto entre los trabajadores, integrantes de los diferentes departamentos y divisiones que en conjunto realizaron un encuentro avivado por \u201cbarras\u201d que sirvieron de espectadores.<\/span><\/p>\n<p>&nbsp;<\/p>\n<p style=\"text-align: justify;\"><span style=\"font-family: helvetica, arial, sans-serif; font-size: 14pt;\">Caso similar, ocurri\u00f3 con los integrantes de la partidas de domin\u00f3, otras de las disciplinas que gusta entre los trabajadores del n\u00facleo donde, es com\u00fan de ver lo \u201csimult\u00e1neos\u201d en equipos, individual y por pareja, como en esta ocasi\u00f3n.<\/span><\/p>\n<p><img loading=\"lazy\" decoding=\"async\" class=\"aligncenter wp-image-48353 size-full\" src=\"https:\/\/inces.gob.ve\/wp-content\/uploads\/2022\/11\/Trab-Inces-celebraron-dia-6--e1669743277713.jpeg\" alt=\"\" width=\"800\" height=\"600\" srcset=\"https:\/\/inces.gob.ve\/wp-content\/uploads\/2022\/11\/Trab-Inces-celebraron-dia-6--e1669743277713.jpeg 800w, https:\/\/inces.gob.ve\/wp-content\/uploads\/2022\/11\/Trab-Inces-celebraron-dia-6--e1669743277713-300x225.jpeg 300w, https:\/\/inces.gob.ve\/wp-content\/uploads\/2022\/11\/Trab-Inces-celebraron-dia-6--e1669743277713-768x576.jpeg 768w, https:\/\/inces.gob.ve\/wp-content\/uploads\/2022\/11\/Trab-Inces-celebraron-dia-6--e1669743277713-136x102.jpeg 136w\" sizes=\"auto, (max-width: 800px) 100vw, 800px\" \/><\/p>\n<p style=\"text-align: justify;\"><span style=\"font-family: helvetica, arial, sans-serif; font-size: 14pt;\">Alexis Brice\u00f1o, gerente regional del Inces destac\u00f3 que lo importante de este encuentro recreativo era \u00abverse en familia y disfrutar de momentos lleno de camarader\u00eda, alegr\u00eda y hermandad donde el abrir espacios para ese disfrute son vitales, para quienes con sus aportes hacen posible el trabajo de una gesti\u00f3n\u201d.<\/span><\/p>\n<p style=\"text-align: justify;\"><span style=\"font-family: helvetica, arial, sans-serif; font-size: 14pt;\">\u00abLos trabajadores del Inces Trujillo fortalecen el trabajo y de verdad la Gerencia consider\u00f3 que se hace necesario disfrutar en comunidad de estas actividades recreativas, culturales y deportivas\u00bb, contin\u00fao complacido el Gerente \u00a0del Inces en Trujillo.<img loading=\"lazy\" decoding=\"async\" class=\"aligncenter wp-image-48354 size-full\" src=\"https:\/\/inces.gob.ve\/wp-content\/uploads\/2022\/11\/Trab-Inces-celebraron-dia-7--e1669743302414.jpeg\" alt=\"\" width=\"800\" height=\"600\" srcset=\"https:\/\/inces.gob.ve\/wp-content\/uploads\/2022\/11\/Trab-Inces-celebraron-dia-7--e1669743302414.jpeg 800w, https:\/\/inces.gob.ve\/wp-content\/uploads\/2022\/11\/Trab-Inces-celebraron-dia-7--e1669743302414-300x225.jpeg 300w, https:\/\/inces.gob.ve\/wp-content\/uploads\/2022\/11\/Trab-Inces-celebraron-dia-7--e1669743302414-768x576.jpeg 768w, https:\/\/inces.gob.ve\/wp-content\/uploads\/2022\/11\/Trab-Inces-celebraron-dia-7--e1669743302414-136x102.jpeg 136w\" sizes=\"auto, (max-width: 800px) 100vw, 800px\" \/><\/span><\/p>\n<p style=\"text-align: justify;\"><span style=\"font-family: helvetica, arial, sans-serif; font-size: 14pt;\">Brice\u00f1o tambi\u00e9n aprovech\u00f3 el momento para reiterar la invitaci\u00f3n para los trabajadores y el p\u00fablico en general, a que asistan este 30 de noviembre a la Expoventa Productiva del 2022 que el Inces Trujillo realizar\u00e1 en las inmediaciones de la plaza La Bandera, municipio Valera a partir de las 8:30 de la ma\u00f1ana.<\/span><\/p>\n<p style=\"text-align: justify;\"><span style=\"font-family: helvetica, arial, sans-serif; font-size: 14pt;\">\u00abEsta Expoventa Productiva Inces Trujillo 2022 se har\u00e1 en el marco del cierre de formaciones que el Inces realizar\u00e1 donde cada una de las opciones formativas mostrar\u00e1 a la colectividad lo que ha realizado este a\u00f1o en las \u00e1reas: textil, panader\u00eda, reposter\u00eda, mec\u00e1nica, electricidad, peluquer\u00eda y todas las formaciones\u00bb.<\/span><\/p>\n<p><img loading=\"lazy\" decoding=\"async\" class=\"aligncenter wp-image-48351 size-full\" src=\"https:\/\/inces.gob.ve\/wp-content\/uploads\/2022\/11\/Trab-Inces-celebraron-dia-2--e1669743259588.jpeg\" alt=\"\" width=\"800\" height=\"600\" srcset=\"https:\/\/inces.gob.ve\/wp-content\/uploads\/2022\/11\/Trab-Inces-celebraron-dia-2--e1669743259588.jpeg 800w, https:\/\/inces.gob.ve\/wp-content\/uploads\/2022\/11\/Trab-Inces-celebraron-dia-2--e1669743259588-300x225.jpeg 300w, https:\/\/inces.gob.ve\/wp-content\/uploads\/2022\/11\/Trab-Inces-celebraron-dia-2--e1669743259588-768x576.jpeg 768w, https:\/\/inces.gob.ve\/wp-content\/uploads\/2022\/11\/Trab-Inces-celebraron-dia-2--e1669743259588-136x102.jpeg 136w\" sizes=\"auto, (max-width: 800px) 100vw, 800px\" \/><\/p>\n<p style=\"text-align: justify;\"><span style=\"font-family: helvetica, arial, sans-serif; font-size: 14pt;\">Tambi\u00e9n agreg\u00f3 que la actividad de Expoventa\u00a0tendr\u00e1 precios solidarios y contar\u00e1 con actos culturales y recreativos, en la \u201cRedoma de Valera\u201d, como popularmente se le conoce entre los lugare\u00f1os, este 30 de noviembre desde bien temprano de la ma\u00f1ana, dijo finalmente el Gerente del Inces.<\/span><\/p>\n<p><img loading=\"lazy\" decoding=\"async\" class=\"aligncenter wp-image-48349 size-full\" src=\"https:\/\/inces.gob.ve\/wp-content\/uploads\/2022\/11\/Trab-Inces-celebraron-dia1--e1669743398697.jpeg\" alt=\"\" width=\"800\" height=\"600\" srcset=\"https:\/\/inces.gob.ve\/wp-content\/uploads\/2022\/11\/Trab-Inces-celebraron-dia1--e1669743398697.jpeg 800w, https:\/\/inces.gob.ve\/wp-content\/uploads\/2022\/11\/Trab-Inces-celebraron-dia1--e1669743398697-300x225.jpeg 300w, https:\/\/inces.gob.ve\/wp-content\/uploads\/2022\/11\/Trab-Inces-celebraron-dia1--e1669743398697-768x576.jpeg 768w, https:\/\/inces.gob.ve\/wp-content\/uploads\/2022\/11\/Trab-Inces-celebraron-dia1--e1669743398697-136x102.jpeg 136w\" sizes=\"auto, (max-width: 800px) 100vw, 800px\" \/><\/p>\n<p style=\"text-align: justify;\"><span style=\"font-family: helvetica, arial, sans-serif; font-size: 14pt;\">La actividad de cierre fue el deguste de un apetitoso almuerzo para todo el personal obrero, administrativo y maestros y t\u00e9cnicos productivos, quienes tambi\u00e9n hicieron acto de presencia en las instalaciones del Centro de Formaci\u00f3n Socialista \u201cAl\u00ed Primera\u201d.<\/span><\/p>\n","protected":false},"excerpt":{"rendered":"<p>**El gerente regional del Inces, Alexis Brice\u00f1o; destac\u00f3 que lo importante de este encuentro recreativo era \u00abverse en familia y disfrutar de momentos llenos de camarader\u00eda, alegr\u00eda y hermandad\u00bb<\/p>\n","protected":false},"author":15,"featured_media":48355,"comment_status":"closed","ping_status":"closed","sticky":false,"template":"","format":"standard","meta":{"footnotes":""},"categories":[2],"tags":[],"class_list":["post-48348","post","type-post","status-publish","format-standard","has-post-thumbnail","hentry","category-blog"],"_links":{"self":[{"href":"https:\/\/inces.gob.ve\/index.php\/wp-json\/wp\/v2\/posts\/48348","targetHints":{"allow":["GET"]}}],"collection":[{"href":"https:\/\/inces.gob.ve\/index.php\/wp-json\/wp\/v2\/posts"}],"about":[{"href":"https:\/\/inces.gob.ve\/index.php\/wp-json\/wp\/v2\/types\/post"}],"author":[{"embeddable":true,"href":"https:\/\/inces.gob.ve\/index.php\/wp-json\/wp\/v2\/users\/15"}],"replies":[{"embeddable":true,"href":"https:\/\/inces.gob.ve\/index.php\/wp-json\/wp\/v2\/comments?post=48348"}],"version-history":[{"count":2,"href":"https:\/\/inces.gob.ve\/index.php\/wp-json\/wp\/v2\/posts\/48348\/revisions"}],"predecessor-version":[{"id":48357,"href":"https:\/\/inces.gob.ve\/index.php\/wp-json\/wp\/v2\/posts\/48348\/revisions\/48357"}],"wp:featuredmedia":[{"embeddable":true,"href":"https:\/\/inces.gob.ve\/index.php\/wp-json\/wp\/v2\/media\/48355"}],"wp:attachment":[{"href":"https:\/\/inces.gob.ve\/index.php\/wp-json\/wp\/v2\/media?parent=48348"}],"wp:term":[{"taxonomy":"category","embeddable":true,"href":"https:\/\/inces.gob.ve\/index.php\/wp-json\/wp\/v2\/categories?post=48348"},{"taxonomy":"post_tag","embeddable":true,"href":"https:\/\/inces.gob.ve\/index.php\/wp-json\/wp\/v2\/tags?post=48348"}],"curies":[{"name":"wp","href":"https:\/\/api.w.org\/{rel}","templated":true}]}}