{"id":48465,"date":"2022-12-02T13:38:12","date_gmt":"2022-12-02T17:38:12","guid":{"rendered":"https:\/\/inces.gob.ve\/?p=48465"},"modified":"2022-12-02T13:38:12","modified_gmt":"2022-12-02T17:38:12","slug":"apure-la-coordinacion-del-pna-sostuvo-una-reunion-con-sus-facilitadoras","status":"publish","type":"post","link":"https:\/\/inces.gob.ve\/index.php\/2022\/12\/02\/apure-la-coordinacion-del-pna-sostuvo-una-reunion-con-sus-facilitadoras\/","title":{"rendered":"APURE | La coordinaci\u00f3n del PNA\u00a0 sostuvo una reuni\u00f3n con sus facilitadoras"},"content":{"rendered":"<p style=\"text-align: justify;\"><em><strong><span style=\"font-family: helvetica, arial, sans-serif; font-size: 14pt;\">** La actividad se desarroll\u00f3 con la coordinadora, Maneilis P\u00e9rez, la analista Ginamary Gil y el jefe de Formaci\u00f3n Profesional, C\u00e9sar Loreto<\/span><\/strong><\/em><!--more--><\/p>\n<p style=\"text-align: justify;\">\n<span style=\"font-family: helvetica, arial, sans-serif; font-size: 14pt;\">En las instalaciones del Inces Apure, se llev\u00f3 a cabo una reuni\u00f3n con las facilitadoras del Programa Nacional de Aprendizaje (PNA), realizando el estudio de los formatos de los recaudos administrativos que debe llevar el Docente del Programa<\/span><\/p>\n<p>&nbsp;<\/p>\n<p style=\"text-align: justify;\"><span style=\"font-family: helvetica, arial, sans-serif; font-size: 14pt;\">Los mismos est\u00e1n relacionados con los reportes de consolidado de asistencias tanto del facilitador c\u00f3mo del Aprendiz y la evaluaci\u00f3n mensual de los aprendices y el formato de actividades semanales<\/span><\/p>\n<p>&nbsp;<\/p>\n<p style=\"text-align: justify;\">\n<span style=\"font-family: helvetica, arial, sans-serif; font-size: 14pt;\">Por otro lado, en lo concerniente al desarrollo de la fase te\u00f3rica se cont\u00f3 con las orientaciones de la Mcs. Camelia Caviglione qui\u00e9n tiene a\u00f1os de experiencia en este programa del Inces<\/span><\/p>\n<p>&nbsp;<\/p>\n<p style=\"text-align: justify;\"><span style=\"font-family: helvetica, arial, sans-serif; font-size: 14pt;\">En la actividad de coordinaci\u00f3n, planificaci\u00f3n y control las facilitadoras manifestaron sus opiniones y aclararon dudas, en cuanto al proceso administrativo que amerita el Programa Nacional de Aprendizaje<\/span><\/p>\n","protected":false},"excerpt":{"rendered":"<p>** La actividad se desarroll\u00f3 con la coordinadora, Maneilis P\u00e9rez, la analista Ginamary Gil y el jefe de Formaci\u00f3n Profesional, C\u00e9sar Loreto<\/p>\n","protected":false},"author":4,"featured_media":48466,"comment_status":"closed","ping_status":"closed","sticky":false,"template":"","format":"standard","meta":{"footnotes":""},"categories":[2],"tags":[],"class_list":["post-48465","post","type-post","status-publish","format-standard","has-post-thumbnail","hentry","category-blog"],"_links":{"self":[{"href":"https:\/\/inces.gob.ve\/index.php\/wp-json\/wp\/v2\/posts\/48465","targetHints":{"allow":["GET"]}}],"collection":[{"href":"https:\/\/inces.gob.ve\/index.php\/wp-json\/wp\/v2\/posts"}],"about":[{"href":"https:\/\/inces.gob.ve\/index.php\/wp-json\/wp\/v2\/types\/post"}],"author":[{"embeddable":true,"href":"https:\/\/inces.gob.ve\/index.php\/wp-json\/wp\/v2\/users\/4"}],"replies":[{"embeddable":true,"href":"https:\/\/inces.gob.ve\/index.php\/wp-json\/wp\/v2\/comments?post=48465"}],"version-history":[{"count":1,"href":"https:\/\/inces.gob.ve\/index.php\/wp-json\/wp\/v2\/posts\/48465\/revisions"}],"predecessor-version":[{"id":48468,"href":"https:\/\/inces.gob.ve\/index.php\/wp-json\/wp\/v2\/posts\/48465\/revisions\/48468"}],"wp:featuredmedia":[{"embeddable":true,"href":"https:\/\/inces.gob.ve\/index.php\/wp-json\/wp\/v2\/media\/48466"}],"wp:attachment":[{"href":"https:\/\/inces.gob.ve\/index.php\/wp-json\/wp\/v2\/media?parent=48465"}],"wp:term":[{"taxonomy":"category","embeddable":true,"href":"https:\/\/inces.gob.ve\/index.php\/wp-json\/wp\/v2\/categories?post=48465"},{"taxonomy":"post_tag","embeddable":true,"href":"https:\/\/inces.gob.ve\/index.php\/wp-json\/wp\/v2\/tags?post=48465"}],"curies":[{"name":"wp","href":"https:\/\/api.w.org\/{rel}","templated":true}]}}