{"id":48516,"date":"2022-12-06T14:02:31","date_gmt":"2022-12-06T18:02:31","guid":{"rendered":"https:\/\/inces.gob.ve\/?p=48516"},"modified":"2022-12-06T14:02:31","modified_gmt":"2022-12-06T18:02:31","slug":"aragua-desde-el-cfs-cagua-25-participantes-egresaron-en-la-formacion-ocupacional-de-elaboracion-de-pan-artesanal","status":"publish","type":"post","link":"https:\/\/inces.gob.ve\/index.php\/2022\/12\/06\/aragua-desde-el-cfs-cagua-25-participantes-egresaron-en-la-formacion-ocupacional-de-elaboracion-de-pan-artesanal\/","title":{"rendered":"ARAGUA | Desde el CFS Cagua 25 participantes egresaron en la Formaci\u00f3n Ocupacional de elaboraci\u00f3n de Pan Artesanal"},"content":{"rendered":"<div class=\"gmail_attr\" dir=\"ltr\" style=\"text-align: justify;\"><span style=\"font-family: helvetica, arial, sans-serif; font-size: 14pt;\">** \u201c<b>En v\u00edsperas de la Navidad seguimos despertando la creatividad en planes estrat\u00e9gicos alternativos de producci\u00f3n\u201d. Degni Aleccio jefe CFS Cagua<\/b><\/span><\/div>\n<div dir=\"ltr\" style=\"text-align: justify;\"><\/div>\n<p style=\"text-align: justify;\"><span style=\"font-family: helvetica, arial, sans-serif; font-size: 14pt;\"><!--more--><\/span><\/p>\n<div dir=\"ltr\" style=\"text-align: justify;\"><\/div>\n<div dir=\"ltr\" style=\"text-align: justify;\">\n<p><span style=\"font-family: helvetica, arial, sans-serif; font-size: 14pt;\"><b>NINOSKA PATRIZ <\/b><\/span><\/p>\n<p><span style=\"font-family: helvetica, arial, sans-serif; font-size: 14pt;\">La principal motivaci\u00f3n de los participantes es la b\u00fasqueda e innovaci\u00f3n de nuevas formas de hacer las cosas. La autogesti\u00f3n y la utilizaci\u00f3n de medios alternativos es la primera tarea para el logro de los objetivos. El mismo fue ejecutado desde la comunidad de Los Prados de la Encrucijada.<\/span><\/p>\n<p align=\"justify\"><span style=\"font-family: helvetica, arial, sans-serif; font-size: 14pt;\">\u201cCon estos 25 participantes que egresaron en la Formaci\u00f3n Ocupacional de elaboraci\u00f3n de Pan Artesanal se busca desarrollar y garantizar el talento de todos los emprendedores que asisten al Inces para capacitarse\u201d, expres\u00f3 con satisfacci\u00f3n la jefe de Centro Degni Aleccio. <\/span><\/p>\n<p align=\"justify\"><span style=\"font-family: helvetica, arial, sans-serif; font-size: 14pt;\">Los participantes en el transcurso de la formaci\u00f3n, desarrollaron habilidades y destrezas en t\u00e9cnicas para elaborar masas procesadas en diferentes versiones, como por ejemplo; saladas, dulces, rellenas y confitadas, con las cuales se logra realizar pan dulce en varias presentaciones, tales como: Pan de Dios, Quesadillas, Golfeados, Pan Campesino, Cachitos de jam\u00f3n y Arepitas Andinas. <\/span><\/p>\n<p align=\"justify\"><span style=\"font-family: helvetica, arial, sans-serif; font-size: 14pt;\">\u201cCon estas 186 horas acad\u00e9micas, divididas entre teor\u00eda y pr\u00e1ctica son el impulso de la econom\u00eda regional, que brinda el Inces, a trav\u00e9s de los procesos formativos. As\u00ed se estimula a los participantes para que elaboren su propio sustento y asuman el rol de emprendedores en tiempos de guerra econ\u00f3mica\u201d, coment\u00f3 la maestra t\u00e9cnica productiva Yumara V\u00e1zquez, quien los acompa\u00f1\u00f3 durante todo su proceso formativo.<\/span><\/p>\n<\/div>\n<p style=\"text-align: justify;\">\n<p style=\"text-align: justify;\">\n","protected":false},"excerpt":{"rendered":"<p>** \u201cEn v\u00edsperas de la Navidad seguimos despertando la creatividad en planes estrat\u00e9gicos alternativos de producci\u00f3n\u201d. Degni Aleccio jefe CFS Cagua<\/p>\n","protected":false},"author":15,"featured_media":48517,"comment_status":"closed","ping_status":"closed","sticky":false,"template":"","format":"standard","meta":{"footnotes":""},"categories":[2],"tags":[],"class_list":["post-48516","post","type-post","status-publish","format-standard","has-post-thumbnail","hentry","category-blog"],"_links":{"self":[{"href":"https:\/\/inces.gob.ve\/index.php\/wp-json\/wp\/v2\/posts\/48516","targetHints":{"allow":["GET"]}}],"collection":[{"href":"https:\/\/inces.gob.ve\/index.php\/wp-json\/wp\/v2\/posts"}],"about":[{"href":"https:\/\/inces.gob.ve\/index.php\/wp-json\/wp\/v2\/types\/post"}],"author":[{"embeddable":true,"href":"https:\/\/inces.gob.ve\/index.php\/wp-json\/wp\/v2\/users\/15"}],"replies":[{"embeddable":true,"href":"https:\/\/inces.gob.ve\/index.php\/wp-json\/wp\/v2\/comments?post=48516"}],"version-history":[{"count":1,"href":"https:\/\/inces.gob.ve\/index.php\/wp-json\/wp\/v2\/posts\/48516\/revisions"}],"predecessor-version":[{"id":48518,"href":"https:\/\/inces.gob.ve\/index.php\/wp-json\/wp\/v2\/posts\/48516\/revisions\/48518"}],"wp:featuredmedia":[{"embeddable":true,"href":"https:\/\/inces.gob.ve\/index.php\/wp-json\/wp\/v2\/media\/48517"}],"wp:attachment":[{"href":"https:\/\/inces.gob.ve\/index.php\/wp-json\/wp\/v2\/media?parent=48516"}],"wp:term":[{"taxonomy":"category","embeddable":true,"href":"https:\/\/inces.gob.ve\/index.php\/wp-json\/wp\/v2\/categories?post=48516"},{"taxonomy":"post_tag","embeddable":true,"href":"https:\/\/inces.gob.ve\/index.php\/wp-json\/wp\/v2\/tags?post=48516"}],"curies":[{"name":"wp","href":"https:\/\/api.w.org\/{rel}","templated":true}]}}