{"id":48529,"date":"2022-12-06T20:06:20","date_gmt":"2022-12-07T00:06:20","guid":{"rendered":"https:\/\/inces.gob.ve\/?p=48529"},"modified":"2022-12-07T08:09:52","modified_gmt":"2022-12-07T12:09:52","slug":"carabobo-inces-realiza-coevaluacion-del-pfap-construccion","status":"publish","type":"post","link":"https:\/\/inces.gob.ve\/index.php\/2022\/12\/06\/carabobo-inces-realiza-coevaluacion-del-pfap-construccion\/","title":{"rendered":"CARABOBO | Inces realiza coevaluaci\u00f3n del PFAP Construcci\u00f3n"},"content":{"rendered":"<p style=\"text-align: justify;\"><strong><em><span style=\"font-family: helvetica, arial, sans-serif; font-size: 14pt;\">** Participaron siete conocedores del \u00e1rea, jefes de centro, gerente regional y personal de la Unidad de Curr\u00edculo y Did\u00e1ctica<\/span><\/em><\/strong><!--more--><\/p>\n<p>&nbsp;<\/p>\n<p><span style=\"font-family: helvetica, arial, sans-serif;\"><strong>ATILIA CORTEZ CA\u00d1ADA<\/strong><\/span><\/p>\n<p style=\"text-align: justify;\"><span style=\"font-family: helvetica, arial, sans-serif; font-size: 14pt;\">Desde el sal\u00f3n de inform\u00e1tica del Centro de Formaci\u00f3n Socialista (CFS) Rafael Urdaneta (Inces La Isabelica), del Inces Carabobo, en diferentes encuentros y reuniones se desarroll\u00f3 la creaci\u00f3n del Proyecto de Formaci\u00f3n y Autoformaci\u00f3n Productiva (PFAP) en el \u00e1rea de Construcci\u00f3n, como propuesta para Inces sede.<\/span><\/p>\n<p>&nbsp;<\/p>\n<p style=\"text-align: justify;\"><span style=\"font-family: helvetica, arial, sans-serif; font-size: 14pt;\">Se pudo conocer que a su vez, en simult\u00e1neo, se aplic\u00f3 la Evaluaci\u00f3n y Coevaluacion a la Planificaci\u00f3n Curricular junto a Aragua, con la presencia de los conocedores del \u00e1rea: Antonio Rivas, Humberto Mart\u00ednez, Juan Ortega, Juan N\u00fa\u00f1ez, Pablo Torres, Ricardo Castillo, Jos\u00e9 Mart\u00ednez.<\/span><\/p>\n<p>&nbsp;<\/p>\n<p style=\"text-align: justify;\"><span style=\"font-family: helvetica, arial, sans-serif; font-size: 14pt;\">Adem\u00e1s de Jos\u00e9 Mergarejo, Jes\u00fas Collado y Orlando Rodr\u00edguez gracias quienes son Maestros T\u00e9cnicos Productivos (MTP) del Centro Nacional de Soldadura y el CFS Rafael Urdaneta, ambos de Carabobo, y por Fundamental Daris Brizuela.<\/span><\/p>\n<p>&nbsp;<\/p>\n<p style=\"text-align: justify;\"><span style=\"font-family: helvetica, arial, sans-serif; font-size: 14pt;\">Entre los sistematizadores est\u00e1n: Licka P\u00e1ez, Desiree Rivera, Robert Arrioja, Milagros Ortega y Lisbeth Arrioja, del equipo de la Unidad de Curr\u00edculo y Did\u00e1ctica del Inces Carabobo, con el acompa\u00f1amiento y supervisi\u00f3n de Yorman Rosal, gerente regional del Inces y Marcia Ceballos, jefa de la Divisi\u00f3n de Formaci\u00f3n Profesional.<\/span><\/p>\n<p>&nbsp;<\/p>\n<p style=\"text-align: justify;\"><span style=\"font-family: helvetica, arial, sans-serif; font-size: 14pt;\">Entre tanto Milagros Ortega, coordinadora regional de la Unidad de Curr\u00edculo y Did\u00e1ctica, explic\u00f3 la importancia de la coevaluaci\u00f3n a la hora de crear un PFAP \u201cdebe ser un juicio sobre logros y aspectos a mejorar basados en argumentos, que tenga como referencia criterios consensuados\u201d.<\/span><\/p>\n","protected":false},"excerpt":{"rendered":"<p>** Participaron siete conocedores del \u00e1rea, jefes de centro, gerente regional y personal de la Unidad de Curr\u00edculo y Did\u00e1ctica<\/p>\n","protected":false},"author":4,"featured_media":48530,"comment_status":"closed","ping_status":"closed","sticky":false,"template":"","format":"standard","meta":{"footnotes":""},"categories":[2],"tags":[],"class_list":["post-48529","post","type-post","status-publish","format-standard","has-post-thumbnail","hentry","category-blog"],"_links":{"self":[{"href":"https:\/\/inces.gob.ve\/index.php\/wp-json\/wp\/v2\/posts\/48529","targetHints":{"allow":["GET"]}}],"collection":[{"href":"https:\/\/inces.gob.ve\/index.php\/wp-json\/wp\/v2\/posts"}],"about":[{"href":"https:\/\/inces.gob.ve\/index.php\/wp-json\/wp\/v2\/types\/post"}],"author":[{"embeddable":true,"href":"https:\/\/inces.gob.ve\/index.php\/wp-json\/wp\/v2\/users\/4"}],"replies":[{"embeddable":true,"href":"https:\/\/inces.gob.ve\/index.php\/wp-json\/wp\/v2\/comments?post=48529"}],"version-history":[{"count":1,"href":"https:\/\/inces.gob.ve\/index.php\/wp-json\/wp\/v2\/posts\/48529\/revisions"}],"predecessor-version":[{"id":48531,"href":"https:\/\/inces.gob.ve\/index.php\/wp-json\/wp\/v2\/posts\/48529\/revisions\/48531"}],"wp:featuredmedia":[{"embeddable":true,"href":"https:\/\/inces.gob.ve\/index.php\/wp-json\/wp\/v2\/media\/48530"}],"wp:attachment":[{"href":"https:\/\/inces.gob.ve\/index.php\/wp-json\/wp\/v2\/media?parent=48529"}],"wp:term":[{"taxonomy":"category","embeddable":true,"href":"https:\/\/inces.gob.ve\/index.php\/wp-json\/wp\/v2\/categories?post=48529"},{"taxonomy":"post_tag","embeddable":true,"href":"https:\/\/inces.gob.ve\/index.php\/wp-json\/wp\/v2\/tags?post=48529"}],"curies":[{"name":"wp","href":"https:\/\/api.w.org\/{rel}","templated":true}]}}