{"id":48532,"date":"2022-12-03T07:55:19","date_gmt":"2022-12-03T11:55:19","guid":{"rendered":"https:\/\/inces.gob.ve\/?p=48532"},"modified":"2022-12-07T08:01:42","modified_gmt":"2022-12-07T12:01:42","slug":"apure-inces-junto-a-la-zona-educativa-dicto-charla-a-padres-y-representantes-del-liceo-francisco-lazo-marti","status":"publish","type":"post","link":"https:\/\/inces.gob.ve\/index.php\/2022\/12\/03\/apure-inces-junto-a-la-zona-educativa-dicto-charla-a-padres-y-representantes-del-liceo-francisco-lazo-marti\/","title":{"rendered":"APURE | Inces junto a la Zona Educativa dict\u00f3 charla a padres y representantes del Liceo Francisco Lazo Mart\u00ed"},"content":{"rendered":"<p><span style=\"font-family: helvetica, arial, sans-serif;\"><em><strong>** Para el Inces es importante que los involucrados en las formaciones conozcan las metodolog\u00edas y formas de trabajo<\/strong><\/em><\/span><!--more--><\/p>\n<p>&nbsp;<\/p>\n<p style=\"text-align: justify;\"><span style=\"font-family: helvetica, arial, sans-serif; font-size: 14pt;\">Como parte del impulso del Bachillerato T\u00e9cnico Profesional se desarroll\u00f3 una charla informativa de acuerdo a las directrices emanadas de la presidencia del Inces y la Gerencia General de Formaci\u00f3n Profesional.<\/span><\/p>\n<p>&nbsp;<\/p>\n<p style=\"text-align: justify;\"><span style=\"font-family: helvetica, arial, sans-serif; font-size: 14pt;\">En este sentido, se llev\u00f3 a cabo una reuni\u00f3n entre el Inces Apure con el Ing. Daviel Rodr\u00edguez, representantes de la Zona Educativa, el jefe de formaci\u00f3n profesional Msc. C\u00e9sar Loreto, la jefa del centro de formaci\u00f3n socialista industrial Apure, Omaira Chirinos y padres y representantes de los estudiantes del Liceo Francisco Lazo Mart\u00ed.<\/span><\/p>\n<p>&nbsp;<\/p>\n<p style=\"text-align: justify;\"><span style=\"font-family: helvetica, arial, sans-serif; font-size: 14pt;\">Dicha charla tuvo como tema principal el inicio del pr\u00f3ximo a\u00f1o de la Formaci\u00f3n de Bachillerato T\u00e9cnico Profesional y el proceso de planificaci\u00f3n que se lleva adelante para que los estudiantes de tercer y cuarto a\u00f1o, reciban la misma en sus diversas modalidades<\/span><\/p>\n<p>&nbsp;<\/p>\n<p style=\"text-align: justify;\"><span style=\"font-family: helvetica, arial, sans-serif; font-size: 14pt;\">Es importante destacar que el Inces form\u00f3, acredit\u00f3 y certific\u00f3 a los bachilleres que ya egresaron este 2022 de las diferentes instituciones educativas del pa\u00eds con un perfil productivo.<\/span><\/p>\n","protected":false},"excerpt":{"rendered":"<p>** Para el Inces es importante que los involucrados en las formaciones conozcan las metodolog\u00edas y formas de trabajo<\/p>\n","protected":false},"author":4,"featured_media":48533,"comment_status":"closed","ping_status":"closed","sticky":false,"template":"","format":"standard","meta":{"footnotes":""},"categories":[2],"tags":[],"class_list":["post-48532","post","type-post","status-publish","format-standard","has-post-thumbnail","hentry","category-blog"],"_links":{"self":[{"href":"https:\/\/inces.gob.ve\/index.php\/wp-json\/wp\/v2\/posts\/48532","targetHints":{"allow":["GET"]}}],"collection":[{"href":"https:\/\/inces.gob.ve\/index.php\/wp-json\/wp\/v2\/posts"}],"about":[{"href":"https:\/\/inces.gob.ve\/index.php\/wp-json\/wp\/v2\/types\/post"}],"author":[{"embeddable":true,"href":"https:\/\/inces.gob.ve\/index.php\/wp-json\/wp\/v2\/users\/4"}],"replies":[{"embeddable":true,"href":"https:\/\/inces.gob.ve\/index.php\/wp-json\/wp\/v2\/comments?post=48532"}],"version-history":[{"count":1,"href":"https:\/\/inces.gob.ve\/index.php\/wp-json\/wp\/v2\/posts\/48532\/revisions"}],"predecessor-version":[{"id":48534,"href":"https:\/\/inces.gob.ve\/index.php\/wp-json\/wp\/v2\/posts\/48532\/revisions\/48534"}],"wp:featuredmedia":[{"embeddable":true,"href":"https:\/\/inces.gob.ve\/index.php\/wp-json\/wp\/v2\/media\/48533"}],"wp:attachment":[{"href":"https:\/\/inces.gob.ve\/index.php\/wp-json\/wp\/v2\/media?parent=48532"}],"wp:term":[{"taxonomy":"category","embeddable":true,"href":"https:\/\/inces.gob.ve\/index.php\/wp-json\/wp\/v2\/categories?post=48532"},{"taxonomy":"post_tag","embeddable":true,"href":"https:\/\/inces.gob.ve\/index.php\/wp-json\/wp\/v2\/tags?post=48532"}],"curies":[{"name":"wp","href":"https:\/\/api.w.org\/{rel}","templated":true}]}}