{"id":48535,"date":"2022-12-03T10:03:14","date_gmt":"2022-12-03T14:03:14","guid":{"rendered":"https:\/\/inces.gob.ve\/?p=48535"},"modified":"2022-12-07T08:06:55","modified_gmt":"2022-12-07T12:06:55","slug":"apure-la-coordinacion-de-la-juventud-productiva-del-inces-crea-alianzas-con-la-mision-chamba-juvenil","status":"publish","type":"post","link":"https:\/\/inces.gob.ve\/index.php\/2022\/12\/03\/apure-la-coordinacion-de-la-juventud-productiva-del-inces-crea-alianzas-con-la-mision-chamba-juvenil\/","title":{"rendered":"APURE | La Coordinaci\u00f3n de la Juventud Productiva del Inces crea alianzas con la Misi\u00f3n Chamba Juvenil"},"content":{"rendered":"<p><em><strong><span style=\"font-family: helvetica, arial, sans-serif; font-size: 14pt;\">** La juventud es un sector prioritario para el Inces<\/span><\/strong><\/em><!--more--><\/p>\n<p>&nbsp;<\/p>\n<p style=\"text-align: justify;\"><span style=\"font-family: helvetica, arial, sans-serif; font-size: 14pt;\">En la Gerencia Regional Apure se llev\u00f3 a cabo una reuni\u00f3n conjunta entre la Divisi\u00f3n de Formaci\u00f3n Profesional, a cargo de C\u00e9sar Loreto, el enlace de Juventud Productiva Inces, Houston Mar\u00edinez y el enlace estadal de Chamba Juvenil, Daniel Villanueva, con el fin de retomar alianzas en materia formativa.<\/span><\/p>\n<p>&nbsp;<\/p>\n<p style=\"text-align: justify;\"><span style=\"font-family: helvetica, arial, sans-serif; font-size: 14pt;\">En la mesa de trabajo se trataron temas de la incorporaci\u00f3n de Aprendices, Acreditaci\u00f3n y Certificaci\u00f3n de Saberes, Bachillerato Productivo, y los motores productivos que impulsa el Inces con sus formaciones<\/span><\/p>\n<p>&nbsp;<\/p>\n<p style=\"text-align: justify;\"><span style=\"font-family: helvetica, arial, sans-serif; font-size: 14pt;\">El responsable estadal de chamba juvenil, Daniel Villanueva, coment\u00f3 la importancia de las diferentes \u00e1reas productivas que brinda la casa formativa ya que los j\u00f3venes tienen la oportunidad de escoger la formaci\u00f3n de su preferencia<\/span><\/p>\n","protected":false},"excerpt":{"rendered":"<p>** La juventud es un sector prioritario para el Inces<\/p>\n","protected":false},"author":4,"featured_media":48536,"comment_status":"closed","ping_status":"closed","sticky":false,"template":"","format":"standard","meta":{"footnotes":""},"categories":[2],"tags":[],"class_list":["post-48535","post","type-post","status-publish","format-standard","has-post-thumbnail","hentry","category-blog"],"_links":{"self":[{"href":"https:\/\/inces.gob.ve\/index.php\/wp-json\/wp\/v2\/posts\/48535","targetHints":{"allow":["GET"]}}],"collection":[{"href":"https:\/\/inces.gob.ve\/index.php\/wp-json\/wp\/v2\/posts"}],"about":[{"href":"https:\/\/inces.gob.ve\/index.php\/wp-json\/wp\/v2\/types\/post"}],"author":[{"embeddable":true,"href":"https:\/\/inces.gob.ve\/index.php\/wp-json\/wp\/v2\/users\/4"}],"replies":[{"embeddable":true,"href":"https:\/\/inces.gob.ve\/index.php\/wp-json\/wp\/v2\/comments?post=48535"}],"version-history":[{"count":1,"href":"https:\/\/inces.gob.ve\/index.php\/wp-json\/wp\/v2\/posts\/48535\/revisions"}],"predecessor-version":[{"id":48537,"href":"https:\/\/inces.gob.ve\/index.php\/wp-json\/wp\/v2\/posts\/48535\/revisions\/48537"}],"wp:featuredmedia":[{"embeddable":true,"href":"https:\/\/inces.gob.ve\/index.php\/wp-json\/wp\/v2\/media\/48536"}],"wp:attachment":[{"href":"https:\/\/inces.gob.ve\/index.php\/wp-json\/wp\/v2\/media?parent=48535"}],"wp:term":[{"taxonomy":"category","embeddable":true,"href":"https:\/\/inces.gob.ve\/index.php\/wp-json\/wp\/v2\/categories?post=48535"},{"taxonomy":"post_tag","embeddable":true,"href":"https:\/\/inces.gob.ve\/index.php\/wp-json\/wp\/v2\/tags?post=48535"}],"curies":[{"name":"wp","href":"https:\/\/api.w.org\/{rel}","templated":true}]}}