{"id":48558,"date":"2022-12-08T10:54:17","date_gmt":"2022-12-08T14:54:17","guid":{"rendered":"https:\/\/inces.gob.ve\/?p=48558"},"modified":"2022-12-08T13:10:58","modified_gmt":"2022-12-08T17:10:58","slug":"aragua-exitoso-cierre-triple-de-formaciones-ocupacionales-en-el-cfs-comercial-maracay","status":"publish","type":"post","link":"https:\/\/inces.gob.ve\/index.php\/2022\/12\/08\/aragua-exitoso-cierre-triple-de-formaciones-ocupacionales-en-el-cfs-comercial-maracay\/","title":{"rendered":"Aragua | \u00c9xitoso cierre triple de formaciones ocupacionales en el CFS Comercial Maracay"},"content":{"rendered":"<h1><span style=\"font-family: helvetica, arial, sans-serif; font-size: 14pt;\"><b>** Se exhibieron hermosos bolsos y morrales, se vieron\u00a0 excelentes cortes de cabello y hubo gran variedad en tapicer\u00eda<\/b><\/span><\/h1>\n<p><span style=\"font-family: helvetica, arial, sans-serif; font-size: 14pt;\"><!--more--><\/span><\/p>\n<p><span style=\"font-family: helvetica, arial, sans-serif; font-size: 14pt;\"><b>NINOSKA PATRIZ<\/b><\/span><\/p>\n<p><span style=\"font-size: 14pt; font-family: helvetica, arial, sans-serif;\">Los participantes de las ocupaciones formativas realizaron la socializaci\u00f3n de saberes donde demostraron sus habilidades, aprendizajes, herramientas y t\u00e9cnicas para el emprendimiento en los diferentes motores de la naci\u00f3n y en esta ocasi\u00f3n del sector comercial.<\/span><\/p>\n<p><span style=\"font-size: 14pt; font-family: helvetica, arial, sans-serif;\"><a name=\"m_5406832262517744364_m_2499979019187363790_more-36548\"><\/a>\u201cLa confecci\u00f3n y el dise\u00f1o es la marca de los participantes que han de destacarse en el mercado de opciones seg\u00fan su rama. Nuestra misi\u00f3n es guiarlos en el camino donde obtienen orientaciones para levantar sus potencialidades y materializar el esfuerzo que hacen para sus emprendimientos\u201d, recalc\u00f3 el jefe de Centro, David Avalos.<\/span><\/p>\n<p><img loading=\"lazy\" decoding=\"async\" class=\"aligncenter wp-image-48560 size-full\" src=\"https:\/\/inces.gob.ve\/wp-content\/uploads\/2022\/12\/formaciones-ocupacionales-2--scaled-e1670511177458.jpg\" alt=\"\" width=\"800\" height=\"600\" srcset=\"https:\/\/inces.gob.ve\/wp-content\/uploads\/2022\/12\/formaciones-ocupacionales-2--scaled-e1670511177458.jpg 800w, https:\/\/inces.gob.ve\/wp-content\/uploads\/2022\/12\/formaciones-ocupacionales-2--scaled-e1670511177458-300x225.jpg 300w, https:\/\/inces.gob.ve\/wp-content\/uploads\/2022\/12\/formaciones-ocupacionales-2--scaled-e1670511177458-768x576.jpg 768w, https:\/\/inces.gob.ve\/wp-content\/uploads\/2022\/12\/formaciones-ocupacionales-2--scaled-e1670511177458-136x102.jpg 136w\" sizes=\"auto, (max-width: 800px) 100vw, 800px\" \/><\/p>\n<p lang=\"es-ES\" align=\"justify\"><span style=\"font-family: helvetica, arial, sans-serif; font-size: 14pt;\">El compromiso de los maestros t\u00e9cnicos productivos, a\u00fan\u00a0en tiempos de pandemia desde el Centro de Formaci\u00f3n Comercial Maracay, salvando todo obst\u00e1culo y cuidando las medidas de bioseguridad, son ejemplo de constancia y solidaridad. Sus valores son realmente admirables, pues donde otros simplemente se hubieran rendido ellos se unieron para crear consciencia, m\u00e1s all\u00e1 de elementos pr\u00e1cticos y \u00fatiles para en todo sentido, que por dem\u00e1s son excelentes\u201d.<\/span><\/p>\n<p lang=\"es-ES\" align=\"justify\"><img loading=\"lazy\" decoding=\"async\" class=\"aligncenter wp-image-48559 size-full\" src=\"https:\/\/inces.gob.ve\/wp-content\/uploads\/2022\/12\/formaciones-ocupacionales-1--scaled-e1670511195209.jpg\" alt=\"\" width=\"800\" height=\"600\" srcset=\"https:\/\/inces.gob.ve\/wp-content\/uploads\/2022\/12\/formaciones-ocupacionales-1--scaled-e1670511195209.jpg 800w, https:\/\/inces.gob.ve\/wp-content\/uploads\/2022\/12\/formaciones-ocupacionales-1--scaled-e1670511195209-300x225.jpg 300w, https:\/\/inces.gob.ve\/wp-content\/uploads\/2022\/12\/formaciones-ocupacionales-1--scaled-e1670511195209-768x576.jpg 768w, https:\/\/inces.gob.ve\/wp-content\/uploads\/2022\/12\/formaciones-ocupacionales-1--scaled-e1670511195209-136x102.jpg 136w\" sizes=\"auto, (max-width: 800px) 100vw, 800px\" \/><\/p>\n<p align=\"justify\"><span style=\"font-family: helvetica, arial, sans-serif; font-size: 14pt;\"><span lang=\"es-ES\">30 participantes egresaron en Confecci\u00f3n de Bolsos y Morrales, Peluquer\u00eda y Barber\u00eda, con el acompa\u00f1amiento de la producci\u00f3n de Tapicer\u00eda del CFS Comercial Maracay.\u00a0<\/span><span lang=\"es-VE\">Durante este tiempo los participantes obtuvieron formaci\u00f3n te\u00f3rica y pr\u00e1ctica en la elaboraci\u00f3n de patrones, corte de piezas, costura a m\u00e1quina y generalidades de la costura, con la gu\u00eda de Ana S\u00e1nchez.<\/span><\/span><\/p>\n<p align=\"justify\"><img loading=\"lazy\" decoding=\"async\" class=\"aligncenter wp-image-48562 size-full\" src=\"https:\/\/inces.gob.ve\/wp-content\/uploads\/2022\/12\/formaciones-ocupacionales-5--scaled-e1670511210213.jpg\" alt=\"\" width=\"800\" height=\"600\" srcset=\"https:\/\/inces.gob.ve\/wp-content\/uploads\/2022\/12\/formaciones-ocupacionales-5--scaled-e1670511210213.jpg 800w, https:\/\/inces.gob.ve\/wp-content\/uploads\/2022\/12\/formaciones-ocupacionales-5--scaled-e1670511210213-300x225.jpg 300w, https:\/\/inces.gob.ve\/wp-content\/uploads\/2022\/12\/formaciones-ocupacionales-5--scaled-e1670511210213-768x576.jpg 768w, https:\/\/inces.gob.ve\/wp-content\/uploads\/2022\/12\/formaciones-ocupacionales-5--scaled-e1670511210213-136x102.jpg 136w\" sizes=\"auto, (max-width: 800px) 100vw, 800px\" \/><\/p>\n<p align=\"justify\"><span style=\"font-family: helvetica, arial, sans-serif; font-size: 14pt;\">De la misma manera desde el \u00e1rea de peluquer\u00eda aprendieron de cortes, cuidados y estilos de cabello as\u00ed como contenido relacionado con el trabajo integrador, gracias a Mar\u00eda Toscano. Y por su parte el \u00e1rea\u00a0de tapicer\u00eda tambi\u00e9n demostr\u00f3 su brillo, de la mano del profesor Gonz\u00e1lo P\u00e9rez.\u00a0<\/span><\/p>\n","protected":false},"excerpt":{"rendered":"<p>** Se exhibieron hermosos bolsos y morrales, se vieron\u00a0 excelentes cortes de cabello y hubo gran variedad en tapicer\u00eda<\/p>\n","protected":false},"author":15,"featured_media":48563,"comment_status":"closed","ping_status":"closed","sticky":false,"template":"","format":"standard","meta":{"footnotes":""},"categories":[2],"tags":[],"class_list":["post-48558","post","type-post","status-publish","format-standard","has-post-thumbnail","hentry","category-blog"],"_links":{"self":[{"href":"https:\/\/inces.gob.ve\/index.php\/wp-json\/wp\/v2\/posts\/48558","targetHints":{"allow":["GET"]}}],"collection":[{"href":"https:\/\/inces.gob.ve\/index.php\/wp-json\/wp\/v2\/posts"}],"about":[{"href":"https:\/\/inces.gob.ve\/index.php\/wp-json\/wp\/v2\/types\/post"}],"author":[{"embeddable":true,"href":"https:\/\/inces.gob.ve\/index.php\/wp-json\/wp\/v2\/users\/15"}],"replies":[{"embeddable":true,"href":"https:\/\/inces.gob.ve\/index.php\/wp-json\/wp\/v2\/comments?post=48558"}],"version-history":[{"count":4,"href":"https:\/\/inces.gob.ve\/index.php\/wp-json\/wp\/v2\/posts\/48558\/revisions"}],"predecessor-version":[{"id":48585,"href":"https:\/\/inces.gob.ve\/index.php\/wp-json\/wp\/v2\/posts\/48558\/revisions\/48585"}],"wp:featuredmedia":[{"embeddable":true,"href":"https:\/\/inces.gob.ve\/index.php\/wp-json\/wp\/v2\/media\/48563"}],"wp:attachment":[{"href":"https:\/\/inces.gob.ve\/index.php\/wp-json\/wp\/v2\/media?parent=48558"}],"wp:term":[{"taxonomy":"category","embeddable":true,"href":"https:\/\/inces.gob.ve\/index.php\/wp-json\/wp\/v2\/categories?post=48558"},{"taxonomy":"post_tag","embeddable":true,"href":"https:\/\/inces.gob.ve\/index.php\/wp-json\/wp\/v2\/tags?post=48558"}],"curies":[{"name":"wp","href":"https:\/\/api.w.org\/{rel}","templated":true}]}}