{"id":48693,"date":"2022-12-12T11:21:33","date_gmt":"2022-12-12T15:21:33","guid":{"rendered":"https:\/\/inces.gob.ve\/?p=48693"},"modified":"2022-12-12T11:22:33","modified_gmt":"2022-12-12T15:22:33","slug":"miranda-cerro-la-formacion-bartender","status":"publish","type":"post","link":"https:\/\/inces.gob.ve\/index.php\/2022\/12\/12\/miranda-cerro-la-formacion-bartender\/","title":{"rendered":"MIRANDA | Cerr\u00f3\u00a0 la formaci\u00f3n\u00a0 Bartender"},"content":{"rendered":"<p style=\"text-align: justify;\"><span style=\"font-family: helvetica, arial, sans-serif; font-size: 14pt;\"><strong><em>** En total 13 participantes fueron certificados\u00a0<\/em><\/strong><!--more--><\/span><\/p>\n<p style=\"text-align: justify;\"><span style=\"font-family: helvetica, arial, sans-serif; font-size: 14pt;\">En compa\u00f1\u00eda de la coordinadora del Programa Turismo, Silvina Monteiro, se realiz\u00f3 el cierre de la formaci\u00f3n de bartender, con un total de 13 participantes quienes fueron instruidos\u00a0 por la maestra t\u00e9cnico productiva (MTP) Mireya Querales, donde realizaron dos c\u00f3cteles, uno cl\u00e1sico, y uno de su autor\u00eda.<\/span><\/p>\n<p><img loading=\"lazy\" decoding=\"async\" class=\"aligncenter wp-image-48695 size-full\" src=\"https:\/\/inces.gob.ve\/wp-content\/uploads\/2022\/12\/formacion-Bartender-2--scaled-e1670858341481.jpg\" alt=\"\" width=\"800\" height=\"600\" srcset=\"https:\/\/inces.gob.ve\/wp-content\/uploads\/2022\/12\/formacion-Bartender-2--scaled-e1670858341481.jpg 800w, https:\/\/inces.gob.ve\/wp-content\/uploads\/2022\/12\/formacion-Bartender-2--scaled-e1670858341481-300x225.jpg 300w, https:\/\/inces.gob.ve\/wp-content\/uploads\/2022\/12\/formacion-Bartender-2--scaled-e1670858341481-768x576.jpg 768w, https:\/\/inces.gob.ve\/wp-content\/uploads\/2022\/12\/formacion-Bartender-2--scaled-e1670858341481-136x102.jpg 136w\" sizes=\"auto, (max-width: 800px) 100vw, 800px\" \/><\/p>\n<p style=\"text-align: justify;\"><span style=\"font-family: helvetica, arial, sans-serif; font-size: 14pt;\">As\u00ed mismo, dicho cierre cont\u00f3 con la participaci\u00f3n del jurado compuesto por Armando Diplacido, Jehinfry Aguiar y Silvina Monteiro, quienes hicieron aportes a los participantes para mejorar y felicitarlos por sus creaciones, incentiv\u00e1ndolos a continuar cosechando conocimientos.<\/span><\/p>\n<p><img loading=\"lazy\" decoding=\"async\" class=\"aligncenter wp-image-48696 size-full\" src=\"https:\/\/inces.gob.ve\/wp-content\/uploads\/2022\/12\/formacion-Bartender-4--scaled-e1670858358328.jpg\" alt=\"\" width=\"800\" height=\"600\" srcset=\"https:\/\/inces.gob.ve\/wp-content\/uploads\/2022\/12\/formacion-Bartender-4--scaled-e1670858358328.jpg 800w, https:\/\/inces.gob.ve\/wp-content\/uploads\/2022\/12\/formacion-Bartender-4--scaled-e1670858358328-300x225.jpg 300w, https:\/\/inces.gob.ve\/wp-content\/uploads\/2022\/12\/formacion-Bartender-4--scaled-e1670858358328-768x576.jpg 768w, https:\/\/inces.gob.ve\/wp-content\/uploads\/2022\/12\/formacion-Bartender-4--scaled-e1670858358328-136x102.jpg 136w\" sizes=\"auto, (max-width: 800px) 100vw, 800px\" \/><\/p>\n<p style=\"text-align: justify;\"><span style=\"font-family: helvetica, arial, sans-serif; font-size: 14pt;\">Adem\u00e1s se degust\u00f3 un compartir junto a los invitados que estuvieron presentes apoyando a los participantes en dicha presentaci\u00f3n, dicho cierre se llev\u00f3 a cabo en el piso 1 del edificio regional ubicado en los cortijos del municipio Sucre.<\/span><\/p>\n<p><img loading=\"lazy\" decoding=\"async\" class=\"aligncenter wp-image-48697 size-full\" src=\"https:\/\/inces.gob.ve\/wp-content\/uploads\/2022\/12\/formacion-Bartender-5--scaled-e1670858376884.jpg\" alt=\"\" width=\"800\" height=\"600\" srcset=\"https:\/\/inces.gob.ve\/wp-content\/uploads\/2022\/12\/formacion-Bartender-5--scaled-e1670858376884.jpg 800w, https:\/\/inces.gob.ve\/wp-content\/uploads\/2022\/12\/formacion-Bartender-5--scaled-e1670858376884-300x225.jpg 300w, https:\/\/inces.gob.ve\/wp-content\/uploads\/2022\/12\/formacion-Bartender-5--scaled-e1670858376884-768x576.jpg 768w, https:\/\/inces.gob.ve\/wp-content\/uploads\/2022\/12\/formacion-Bartender-5--scaled-e1670858376884-136x102.jpg 136w\" sizes=\"auto, (max-width: 800px) 100vw, 800px\" \/><\/p>\n","protected":false},"excerpt":{"rendered":"<p>** En total 13 participantes fueron certificados\u00a0<\/p>\n","protected":false},"author":15,"featured_media":48694,"comment_status":"closed","ping_status":"closed","sticky":false,"template":"","format":"standard","meta":{"footnotes":""},"categories":[2],"tags":[],"class_list":["post-48693","post","type-post","status-publish","format-standard","has-post-thumbnail","hentry","category-blog"],"_links":{"self":[{"href":"https:\/\/inces.gob.ve\/index.php\/wp-json\/wp\/v2\/posts\/48693","targetHints":{"allow":["GET"]}}],"collection":[{"href":"https:\/\/inces.gob.ve\/index.php\/wp-json\/wp\/v2\/posts"}],"about":[{"href":"https:\/\/inces.gob.ve\/index.php\/wp-json\/wp\/v2\/types\/post"}],"author":[{"embeddable":true,"href":"https:\/\/inces.gob.ve\/index.php\/wp-json\/wp\/v2\/users\/15"}],"replies":[{"embeddable":true,"href":"https:\/\/inces.gob.ve\/index.php\/wp-json\/wp\/v2\/comments?post=48693"}],"version-history":[{"count":2,"href":"https:\/\/inces.gob.ve\/index.php\/wp-json\/wp\/v2\/posts\/48693\/revisions"}],"predecessor-version":[{"id":48699,"href":"https:\/\/inces.gob.ve\/index.php\/wp-json\/wp\/v2\/posts\/48693\/revisions\/48699"}],"wp:featuredmedia":[{"embeddable":true,"href":"https:\/\/inces.gob.ve\/index.php\/wp-json\/wp\/v2\/media\/48694"}],"wp:attachment":[{"href":"https:\/\/inces.gob.ve\/index.php\/wp-json\/wp\/v2\/media?parent=48693"}],"wp:term":[{"taxonomy":"category","embeddable":true,"href":"https:\/\/inces.gob.ve\/index.php\/wp-json\/wp\/v2\/categories?post=48693"},{"taxonomy":"post_tag","embeddable":true,"href":"https:\/\/inces.gob.ve\/index.php\/wp-json\/wp\/v2\/tags?post=48693"}],"curies":[{"name":"wp","href":"https:\/\/api.w.org\/{rel}","templated":true}]}}