{"id":48726,"date":"2022-12-13T13:05:48","date_gmt":"2022-12-13T17:05:48","guid":{"rendered":"https:\/\/inces.gob.ve\/?p=48726"},"modified":"2022-12-13T13:08:11","modified_gmt":"2022-12-13T17:08:11","slug":"inces-zulia-231-participantes-egresaron-del-cfs-san-francisco-del-inces-en-las-ultimas-2-semanas","status":"publish","type":"post","link":"https:\/\/inces.gob.ve\/index.php\/2022\/12\/13\/inces-zulia-231-participantes-egresaron-del-cfs-san-francisco-del-inces-en-las-ultimas-2-semanas\/","title":{"rendered":"Inces Zulia | 231 participantes egresaron del CFS San Francisco del Inces en las \u00faltimas 2 semanas"},"content":{"rendered":"<p style=\"text-align: justify;\"><em><strong><span style=\"font-family: helvetica, arial, sans-serif; font-size: 14pt;\">**\u00a0Listos para iniciar su din\u00e1mica productiva en: Elaboraci\u00f3n de Tortas, Panificaci\u00f3n Dom\u00e9stica, Confecci\u00f3n de Uniformes Escolares, Paquete Office y Producci\u00f3n de Hortalizas en \u00c1reas Urbanas y Manejo de Controladores egresaron 193 participantes en los territorios y 38 en las aulas del CFS San Francisco, atendidos por 10 maestros t\u00e9cnicos productivos del Inces Zulia.<\/span><\/strong><\/em><!--more--><\/p>\n<p style=\"text-align: justify;\"><span style=\"font-family: helvetica, arial, sans-serif; font-size: 14pt;\">MARIANA ALBARR\u00c1N \/ LENIN R\u00cdOS<\/span><\/p>\n<p style=\"text-align: justify;\"><span style=\"font-family: helvetica, arial, sans-serif; font-size: 14pt;\">Mostrando compromiso y esfuerzo institucional, 231 participantes \u00a0egresaron estas dos \u00faltimas semanas del sistema t\u00e9cnico profesional del Instituto Nacional de Capacitaci\u00f3n y Educaci\u00f3n Socialista (INCES) en el Zulia,\u00a0 a trav\u00e9s del Centro de Formaci\u00f3n Socialista San Francisco, que llev\u00f3 formaci\u00f3n en diferentes motores productivos a: dos Bases de Misiones,\u00a0 una unidad de Batalla, un Consejo Comunal, un Centro de Educaci\u00f3n Inicial, un Infocentro, una entidad p\u00fablica y en un ambiente comunitario de un grupo de vencedores de \u00a0la Misi\u00f3n Ribas, sin olvidar dos grupos que se capacitaron en la sede.<\/span><\/p>\n<p><img loading=\"lazy\" decoding=\"async\" class=\"aligncenter wp-image-48728 \" src=\"https:\/\/inces.gob.ve\/wp-content\/uploads\/2022\/12\/sistema-tecnico-profesional-3--e1670951050146-768x1024.jpg\" alt=\"\" width=\"539\" height=\"719\" srcset=\"https:\/\/inces.gob.ve\/wp-content\/uploads\/2022\/12\/sistema-tecnico-profesional-3--e1670951050146-768x1024.jpg 768w, https:\/\/inces.gob.ve\/wp-content\/uploads\/2022\/12\/sistema-tecnico-profesional-3--e1670951050146-225x300.jpg 225w, https:\/\/inces.gob.ve\/wp-content\/uploads\/2022\/12\/sistema-tecnico-profesional-3--e1670951050146-576x768.jpg 576w, https:\/\/inces.gob.ve\/wp-content\/uploads\/2022\/12\/sistema-tecnico-profesional-3--e1670951050146.jpg 800w\" sizes=\"auto, (max-width: 539px) 100vw, 539px\" \/><\/p>\n<p style=\"text-align: justify;\"><span style=\"font-family: helvetica, arial, sans-serif; font-size: 14pt;\">El Viceministro de Comunidades Educativas y Uni\u00f3n con el Pueblo y Presidente del Inces Wuikelman \u00c1ngel Paredes, expres\u00f3 que: \u201cPara 2023, la instituci\u00f3n busca avanzar en la forma de producir conocimiento. Trabajamos para superar el rentismo petrolero y potenciar un sistema econ\u00f3mico diversificado, desde la formaci\u00f3n t\u00e9cnica profesional, que se focaliza en la filosof\u00eda del pensamiento Robinsoniano de: Aprender Haciendo, que invita a un dialogo de saberes con el mundo del trabajo\u201d.<\/span><\/p>\n<p><img loading=\"lazy\" decoding=\"async\" class=\"aligncenter wp-image-48730 size-full\" src=\"https:\/\/inces.gob.ve\/wp-content\/uploads\/2022\/12\/sistema-tecnico-profesional-55-e1670951070262.jpg\" alt=\"\" width=\"800\" height=\"600\" srcset=\"https:\/\/inces.gob.ve\/wp-content\/uploads\/2022\/12\/sistema-tecnico-profesional-55-e1670951070262.jpg 800w, https:\/\/inces.gob.ve\/wp-content\/uploads\/2022\/12\/sistema-tecnico-profesional-55-e1670951070262-300x225.jpg 300w, https:\/\/inces.gob.ve\/wp-content\/uploads\/2022\/12\/sistema-tecnico-profesional-55-e1670951070262-768x576.jpg 768w, https:\/\/inces.gob.ve\/wp-content\/uploads\/2022\/12\/sistema-tecnico-profesional-55-e1670951070262-136x102.jpg 136w\" sizes=\"auto, (max-width: 800px) 100vw, 800px\" \/><\/p>\n<p style=\"text-align: justify;\"><span style=\"font-family: helvetica, arial, sans-serif; font-size: 14pt;\">Los Maestros T\u00e9cnicos Productivos del CFS San Francisco Yudeimis Rivas, Doris V\u00e9lez, Gaudis P\u00e9rez, Mariela Fereira, Hercilia P\u00e9rez, Carmen \u00a0Marchan, Eval\u00fa Borges y Eusebio Urbina, se encargaron de impartir las formaciones en las ocupaciones: Elaboraci\u00f3n de Tortas, Panificaci\u00f3n Dom\u00e9stica,\u00a0 Confecci\u00f3n de Uniformes Escolares, Paquete Office y Producci\u00f3n de Hortalizas en \u00c1reas Urbanas y Manejo de Controladores Biol\u00f3gicos a 193 participantes en los territorios, mientras que los 38 restantes se atendieron en la sede por Zaid Rojas \u00a0y Jacqueline Contreras, en el motor textil y turismo.<\/span><\/p>\n<p><img loading=\"lazy\" decoding=\"async\" class=\"aligncenter wp-image-48727 size-full\" src=\"https:\/\/inces.gob.ve\/wp-content\/uploads\/2022\/12\/sistema-tecnico-profesional-1--e1670951086496.jpg\" alt=\"\" width=\"800\" height=\"600\" srcset=\"https:\/\/inces.gob.ve\/wp-content\/uploads\/2022\/12\/sistema-tecnico-profesional-1--e1670951086496.jpg 800w, https:\/\/inces.gob.ve\/wp-content\/uploads\/2022\/12\/sistema-tecnico-profesional-1--e1670951086496-300x225.jpg 300w, https:\/\/inces.gob.ve\/wp-content\/uploads\/2022\/12\/sistema-tecnico-profesional-1--e1670951086496-768x576.jpg 768w, https:\/\/inces.gob.ve\/wp-content\/uploads\/2022\/12\/sistema-tecnico-profesional-1--e1670951086496-136x102.jpg 136w\" sizes=\"auto, (max-width: 800px) 100vw, 800px\" \/><\/p>\n<p style=\"text-align: justify;\"><span style=\"font-family: helvetica, arial, sans-serif; font-size: 14pt;\">A sus 66 a\u00f1os, la Maestra T\u00e9cnica Productiva, Gaudy P\u00e9rez, atendi\u00f3 en un espacio del sector 14 de La Popular , a 38 miembros de la UBCH\u00a0 \u201cAmor y Alegr\u00eda \u201c, con la formaci\u00f3n Elaboraci\u00f3n de tortas, en varios encuentros \u00a0semanales \u00a0y explic\u00f3 que: \u201cCompartir los saberes en las comunidades, es una experiencia gratificante y nuestro sistema permite perfectamente llegar a espacios, donde la poblaci\u00f3n tiene un deseo inmenso de aprender, pero que, por diferentes razones, no poseen las condiciones para llegar hasta nuestras sedes y a ellos le ofrecemos la oportunidad de adquirir un oficio. La poblaci\u00f3n produce y avanza junto al Inces \u201d.\u00a0<\/span><\/p>\n","protected":false},"excerpt":{"rendered":"<p>**\u00a0Listos para iniciar su din\u00e1mica productiva en: Elaboraci\u00f3n de Tortas, Panificaci\u00f3n Dom\u00e9stica, Confecci\u00f3n de Uniformes Escolares, Paquete Office y Producci\u00f3n de Hortalizas en \u00c1reas Urbanas y Manejo de Controladores egresaron 193 participantes en los territorios y 38 en las aulas del CFS San Francisco, atendidos por 10 maestros t\u00e9cnicos productivos del Inces Zulia.<\/p>\n","protected":false},"author":15,"featured_media":48729,"comment_status":"closed","ping_status":"closed","sticky":false,"template":"","format":"standard","meta":{"footnotes":""},"categories":[2],"tags":[],"class_list":["post-48726","post","type-post","status-publish","format-standard","has-post-thumbnail","hentry","category-blog"],"_links":{"self":[{"href":"https:\/\/inces.gob.ve\/index.php\/wp-json\/wp\/v2\/posts\/48726","targetHints":{"allow":["GET"]}}],"collection":[{"href":"https:\/\/inces.gob.ve\/index.php\/wp-json\/wp\/v2\/posts"}],"about":[{"href":"https:\/\/inces.gob.ve\/index.php\/wp-json\/wp\/v2\/types\/post"}],"author":[{"embeddable":true,"href":"https:\/\/inces.gob.ve\/index.php\/wp-json\/wp\/v2\/users\/15"}],"replies":[{"embeddable":true,"href":"https:\/\/inces.gob.ve\/index.php\/wp-json\/wp\/v2\/comments?post=48726"}],"version-history":[{"count":3,"href":"https:\/\/inces.gob.ve\/index.php\/wp-json\/wp\/v2\/posts\/48726\/revisions"}],"predecessor-version":[{"id":48733,"href":"https:\/\/inces.gob.ve\/index.php\/wp-json\/wp\/v2\/posts\/48726\/revisions\/48733"}],"wp:featuredmedia":[{"embeddable":true,"href":"https:\/\/inces.gob.ve\/index.php\/wp-json\/wp\/v2\/media\/48729"}],"wp:attachment":[{"href":"https:\/\/inces.gob.ve\/index.php\/wp-json\/wp\/v2\/media?parent=48726"}],"wp:term":[{"taxonomy":"category","embeddable":true,"href":"https:\/\/inces.gob.ve\/index.php\/wp-json\/wp\/v2\/categories?post=48726"},{"taxonomy":"post_tag","embeddable":true,"href":"https:\/\/inces.gob.ve\/index.php\/wp-json\/wp\/v2\/tags?post=48726"}],"curies":[{"name":"wp","href":"https:\/\/api.w.org\/{rel}","templated":true}]}}