{"id":48739,"date":"2022-12-13T13:37:12","date_gmt":"2022-12-13T17:37:12","guid":{"rendered":"https:\/\/inces.gob.ve\/?p=48739"},"modified":"2022-12-13T13:39:01","modified_gmt":"2022-12-13T17:39:01","slug":"los-andes-coral-del-inces-merida-celebra-su-10-aniversario","status":"publish","type":"post","link":"https:\/\/inces.gob.ve\/index.php\/2022\/12\/13\/los-andes-coral-del-inces-merida-celebra-su-10-aniversario\/","title":{"rendered":"LOS ANDES | Coral del Inces M\u00e9rida celebra su 10 Aniversario"},"content":{"rendered":"<p style=\"text-align: justify;\"><strong><em>\u00a0<\/em><em>*<span style=\"font-family: helvetica, arial, sans-serif; font-size: 14pt;\">** Ofrecieron un hermoso, variado y alegre\u00a0 recital en el museo de Arte Colonial de M\u00e9rida, denominado\u201d Recibiendo la Navidad\u201d<\/span><\/em><\/strong><span style=\"font-family: helvetica, arial, sans-serif; font-size: 14pt;\"><!--more--><\/span><\/p>\n<p style=\"text-align: justify;\"><span style=\"font-family: helvetica, arial, sans-serif; font-size: 14pt;\"><strong>\u00a0<\/strong><\/span><\/p>\n<p style=\"text-align: justify;\"><span style=\"font-family: helvetica, arial, sans-serif; font-size: 14pt;\"><strong>NADIA LOBO<br \/>\n<\/strong>Con el objetivo de celebrar su X Aniversario, la Coral del Inces M\u00e9rida, ofreci\u00f3 un hermoso recital en las instalaciones del Museo Arqueol\u00f3gico de esta entidad andina, d\u00f3nde ofreci\u00f3 la mejor selecci\u00f3n de su repertorio.<\/span><\/p>\n<p style=\"text-align: justify;\"><span style=\"font-family: helvetica, arial, sans-serif; font-size: 14pt;\">Las palabras de salutaci\u00f3n y bienvenida estuvieron a cargo del Director del Museo de Arte Colonial de M\u00e9rida, Yoel Cuevas, quien se mostr\u00f3 satisfecho por tener a la Coral del Inces en sus instalaciones, exaltando las creaciones, los valores y la identidad local, regional y nacional.<\/span><\/p>\n<p><img loading=\"lazy\" decoding=\"async\" class=\"aligncenter wp-image-48740 size-full\" src=\"https:\/\/inces.gob.ve\/wp-content\/uploads\/2022\/12\/Ofrecieron-1--e1670952952370.jpg\" alt=\"\" width=\"800\" height=\"600\" srcset=\"https:\/\/inces.gob.ve\/wp-content\/uploads\/2022\/12\/Ofrecieron-1--e1670952952370.jpg 800w, https:\/\/inces.gob.ve\/wp-content\/uploads\/2022\/12\/Ofrecieron-1--e1670952952370-300x225.jpg 300w, https:\/\/inces.gob.ve\/wp-content\/uploads\/2022\/12\/Ofrecieron-1--e1670952952370-768x576.jpg 768w, https:\/\/inces.gob.ve\/wp-content\/uploads\/2022\/12\/Ofrecieron-1--e1670952952370-136x102.jpg 136w\" sizes=\"auto, (max-width: 800px) 100vw, 800px\" \/><\/p>\n<p style=\"text-align: justify;\"><span style=\"font-family: helvetica, arial, sans-serif; font-size: 14pt;\">Por su parte, el profesor Roldan Fern\u00e1ndez, director de la Coral en los \u00faltimos 5 a\u00f1os, \u00a0destac\u00f3 la participaci\u00f3n de los coralistas en prestigiosos eventos, donde han resaltado el trabajo cultural y art\u00edstico de los m\u00fasicos y cantores meride\u00f1os.<\/span><\/p>\n<p style=\"text-align: justify;\"><span style=\"font-family: helvetica, arial, sans-serif; font-size: 14pt;\">\u201cPor nuestro aniversario, \u00a0y en ocasi\u00f3n de la llegada de la Navidad, decidimos ofrecer un concierto con una selecci\u00f3n de m\u00fasica popular venezolana y latinoamericana, as\u00ed como bellos temas tradicionales navide\u00f1os\u201d, se\u00f1al\u00f3 Fern\u00e1ndez.<\/span><\/p>\n<p style=\"text-align: justify;\"><span style=\"font-family: helvetica, arial, sans-serif; font-size: 14pt;\">Temas como, Ahora, autor\u00eda de \u00a0Otilio Gal\u00edndez, en versi\u00f3n coral de Gregory Pino. Cuando Vuelva a Tu Lado (bolero) autora, Mar\u00eda Grever. Compadre Pancho (merengue venezolano) autor\u00eda de Lorenzo Herrera. Entre otros, son algunos temas que interpretaron en la primera parte del concierto.<\/span><\/p>\n<p><img loading=\"lazy\" decoding=\"async\" class=\"aligncenter wp-image-48741 size-full\" src=\"https:\/\/inces.gob.ve\/wp-content\/uploads\/2022\/12\/Ofrecieron-3--e1670952971812.jpg\" alt=\"\" width=\"800\" height=\"600\" srcset=\"https:\/\/inces.gob.ve\/wp-content\/uploads\/2022\/12\/Ofrecieron-3--e1670952971812.jpg 800w, https:\/\/inces.gob.ve\/wp-content\/uploads\/2022\/12\/Ofrecieron-3--e1670952971812-300x225.jpg 300w, https:\/\/inces.gob.ve\/wp-content\/uploads\/2022\/12\/Ofrecieron-3--e1670952971812-768x576.jpg 768w, https:\/\/inces.gob.ve\/wp-content\/uploads\/2022\/12\/Ofrecieron-3--e1670952971812-136x102.jpg 136w\" sizes=\"auto, (max-width: 800px) 100vw, 800px\" \/><\/p>\n<p style=\"text-align: justify;\"><span style=\"font-family: helvetica, arial, sans-serif; font-size: 14pt;\">Para la segunda y \u00faltima parte del recital: \u201cRecibiendo La Navidad\u201d, la Coral Inces, comparti\u00f3\u00a0 los siguientes temas: El \u00c1ngel Gabriel (folklore oriental) arreglo de Francisco Salazar.\u00a0 La Restinga, autor\u00eda de Otilio Galindez, versi\u00f3n coral de Gregory Pino. Entre muchos m\u00e1s, y no pod\u00eda faltar, Tierra Bendita (parranda), autor Roldan Fern\u00e1ndez, tema escrito y dedicado al Inces.<\/span><\/p>\n<p style=\"text-align: justify;\"><span style=\"font-family: helvetica, arial, sans-serif; font-size: 14pt;\">La Coral Inces M\u00e9rida, creada en el a\u00f1o 2012, bajo la direcci\u00f3n de su fundador el profesor Francisco Moreno, posteriormente del a\u00f1o 2014 al 2016, fue conducida por Jes\u00fas Miguel Osto. Desde marzo de 2017 hasta la presente, \u00a0es dirigida por el profesor Roldan Fern\u00e1ndez.<\/span><\/p>\n<p style=\"text-align: justify;\">\n","protected":false},"excerpt":{"rendered":"<p>\u00a0*** Ofrecieron un hermoso, variado y alegre\u00a0 recital en el museo de Arte Colonial de M\u00e9rida, denominado\u201d Recibiendo la Navidad\u201d<\/p>\n","protected":false},"author":15,"featured_media":48742,"comment_status":"closed","ping_status":"closed","sticky":false,"template":"","format":"standard","meta":{"footnotes":""},"categories":[2],"tags":[],"class_list":["post-48739","post","type-post","status-publish","format-standard","has-post-thumbnail","hentry","category-blog"],"_links":{"self":[{"href":"https:\/\/inces.gob.ve\/index.php\/wp-json\/wp\/v2\/posts\/48739","targetHints":{"allow":["GET"]}}],"collection":[{"href":"https:\/\/inces.gob.ve\/index.php\/wp-json\/wp\/v2\/posts"}],"about":[{"href":"https:\/\/inces.gob.ve\/index.php\/wp-json\/wp\/v2\/types\/post"}],"author":[{"embeddable":true,"href":"https:\/\/inces.gob.ve\/index.php\/wp-json\/wp\/v2\/users\/15"}],"replies":[{"embeddable":true,"href":"https:\/\/inces.gob.ve\/index.php\/wp-json\/wp\/v2\/comments?post=48739"}],"version-history":[{"count":2,"href":"https:\/\/inces.gob.ve\/index.php\/wp-json\/wp\/v2\/posts\/48739\/revisions"}],"predecessor-version":[{"id":48744,"href":"https:\/\/inces.gob.ve\/index.php\/wp-json\/wp\/v2\/posts\/48739\/revisions\/48744"}],"wp:featuredmedia":[{"embeddable":true,"href":"https:\/\/inces.gob.ve\/index.php\/wp-json\/wp\/v2\/media\/48742"}],"wp:attachment":[{"href":"https:\/\/inces.gob.ve\/index.php\/wp-json\/wp\/v2\/media?parent=48739"}],"wp:term":[{"taxonomy":"category","embeddable":true,"href":"https:\/\/inces.gob.ve\/index.php\/wp-json\/wp\/v2\/categories?post=48739"},{"taxonomy":"post_tag","embeddable":true,"href":"https:\/\/inces.gob.ve\/index.php\/wp-json\/wp\/v2\/tags?post=48739"}],"curies":[{"name":"wp","href":"https:\/\/api.w.org\/{rel}","templated":true}]}}