{"id":48902,"date":"2023-01-12T07:18:42","date_gmt":"2023-01-12T11:18:42","guid":{"rendered":"https:\/\/inces.gob.ve\/?p=48902"},"modified":"2023-01-12T07:18:42","modified_gmt":"2023-01-12T11:18:42","slug":"falcon-inces-culmina-formacion-productiva-dirigida-a-los-aprendices-del-pna","status":"publish","type":"post","link":"https:\/\/inces.gob.ve\/index.php\/2023\/01\/12\/falcon-inces-culmina-formacion-productiva-dirigida-a-los-aprendices-del-pna\/","title":{"rendered":"FALC\u00d3N | Inces culmina Formaci\u00f3n Productiva dirigida a los aprendices del PNA"},"content":{"rendered":"<div dir=\"auto\" style=\"text-align: justify;\"><em><strong><span style=\"font-size: 14pt; font-family: helvetica, arial, sans-serif;\">** El PNA es un programa clave del Inces<\/span><\/strong><\/em><\/div>\n<p><!--more--><\/p>\n<div dir=\"auto\" style=\"text-align: justify;\"><\/div>\n<div dir=\"auto\" style=\"text-align: justify;\"><strong><span style=\"font-size: 14pt; font-family: helvetica, arial, sans-serif;\">MIRIAM GONZ\u00c1LEZ VILLARROEL.<\/span><\/strong><\/div>\n<div dir=\"auto\" style=\"text-align: justify;\"><span style=\"font-size: 14pt; font-family: helvetica, arial, sans-serif;\">En el Instituto Nacional de Capacitaci\u00f3n y Educaci\u00f3n Socialista (Inces) a trav\u00e9s del centro de formaci\u00f3n socialista (CFS) \u00abAl\u00ed Primera\u00bb, en Punto Fijo, culmina la \u00faltima ocupaci\u00f3n productiva: Elaboraci\u00f3n de Pasapalos del a\u00f1o 2022, la cual\u00a0 estuvo dirigida a los j\u00f3venes que se forman en el Programa Nacional de Aprendizaje (PNA) en la entidad de trabajo \u00abShanghai\u00bb como Preparadores de Alimentos en Establecimientos de Comida R\u00e1pida, proceso formativo, que contempla el m\u00f3dulo de aprender a elaborar pasapalos.<\/span><\/div>\n<div dir=\"auto\" style=\"text-align: justify;\"><\/div>\n<div dir=\"auto\"><\/div>\n<div dir=\"auto\" style=\"text-align: justify;\"><span style=\"font-size: 14pt; font-family: helvetica, arial, sans-serif;\">Los ocho aprendices, protagonistas de la formaci\u00f3n, aprendieron a elaborar diversidad de pasapalos, tras 216 horas de obtener conocimientos con el acompa\u00f1amiento del\u00a0 talento t\u00e9cnico de la maestra Raiza Parada. \u00abEstos j\u00f3venes se forman bajo la estrategia DAE: Desarrollo del Aprendizaje en la Empresa\u00bb, acot\u00f3 Mariner Mavo.<\/span><\/div>\n<div dir=\"auto\"><\/div>\n<div dir=\"auto\" style=\"text-align: justify;\"><\/div>\n<div dir=\"auto\" style=\"text-align: justify;\"><span style=\"font-size: 14pt; font-family: helvetica, arial, sans-serif;\">En la extraordinaria socializaci\u00f3n, donde los aprendices presentaron una diversidad de pasapalos, estuvieron presentes\u00a0 padres y representantes de los muchachos,\u00a0 representantes de la entidad Shanghai y por el Inces, el jefe de Formaci\u00f3n Profesional,\u00a0 Jean Carlos Tablero; la jefe del CFS, Elis Colina;\u00a0 la coordinadora del PNA, Mariner Mavo y la MTP Raiza Parada.<\/span><\/div>\n<div dir=\"auto\" style=\"text-align: justify;\"><\/div>\n<div dir=\"auto\" style=\"text-align: justify;\"><span style=\"font-size: 14pt; font-family: helvetica, arial, sans-serif;\">\u00abEstas formaciones est\u00e1n inmersas en los Proyectos de Formaci\u00f3n y Autoformaci\u00f3n Productiva (PFAP) y el PNA del Inces, da un paso al frente, siempre consecuente con la formaci\u00f3n de los j\u00f3venes, futuro de la regi\u00f3n y del pa\u00eds\u00bb, expres\u00f3 la coordinadora del PNA.<\/span><\/div>\n","protected":false},"excerpt":{"rendered":"<p>** El PNA es un programa clave del Inces<\/p>\n","protected":false},"author":4,"featured_media":48903,"comment_status":"closed","ping_status":"closed","sticky":false,"template":"","format":"standard","meta":{"footnotes":""},"categories":[2],"tags":[],"class_list":["post-48902","post","type-post","status-publish","format-standard","has-post-thumbnail","hentry","category-blog"],"_links":{"self":[{"href":"https:\/\/inces.gob.ve\/index.php\/wp-json\/wp\/v2\/posts\/48902","targetHints":{"allow":["GET"]}}],"collection":[{"href":"https:\/\/inces.gob.ve\/index.php\/wp-json\/wp\/v2\/posts"}],"about":[{"href":"https:\/\/inces.gob.ve\/index.php\/wp-json\/wp\/v2\/types\/post"}],"author":[{"embeddable":true,"href":"https:\/\/inces.gob.ve\/index.php\/wp-json\/wp\/v2\/users\/4"}],"replies":[{"embeddable":true,"href":"https:\/\/inces.gob.ve\/index.php\/wp-json\/wp\/v2\/comments?post=48902"}],"version-history":[{"count":1,"href":"https:\/\/inces.gob.ve\/index.php\/wp-json\/wp\/v2\/posts\/48902\/revisions"}],"predecessor-version":[{"id":48904,"href":"https:\/\/inces.gob.ve\/index.php\/wp-json\/wp\/v2\/posts\/48902\/revisions\/48904"}],"wp:featuredmedia":[{"embeddable":true,"href":"https:\/\/inces.gob.ve\/index.php\/wp-json\/wp\/v2\/media\/48903"}],"wp:attachment":[{"href":"https:\/\/inces.gob.ve\/index.php\/wp-json\/wp\/v2\/media?parent=48902"}],"wp:term":[{"taxonomy":"category","embeddable":true,"href":"https:\/\/inces.gob.ve\/index.php\/wp-json\/wp\/v2\/categories?post=48902"},{"taxonomy":"post_tag","embeddable":true,"href":"https:\/\/inces.gob.ve\/index.php\/wp-json\/wp\/v2\/tags?post=48902"}],"curies":[{"name":"wp","href":"https:\/\/api.w.org\/{rel}","templated":true}]}}