{"id":48961,"date":"2023-01-23T00:07:40","date_gmt":"2023-01-23T04:07:40","guid":{"rendered":"https:\/\/inces.gob.ve\/?p=48961"},"modified":"2023-01-23T08:55:26","modified_gmt":"2023-01-23T12:55:26","slug":"zulia-incrementado-el-desarrollo-arranco-el-inces-este-2023-en-el-occidente","status":"publish","type":"post","link":"https:\/\/inces.gob.ve\/index.php\/2023\/01\/23\/zulia-incrementado-el-desarrollo-arranco-el-inces-este-2023-en-el-occidente\/","title":{"rendered":"ZULIA | El Inces arranca este 2023 apostando al desarrollo"},"content":{"rendered":"<p style=\"font-weight: 400; text-align: justify;\"><strong><em><span style=\"font-size: 14pt; font-family: helvetica, arial, sans-serif;\">** El sistema t\u00e9cnico profesional del Inces se enrumba desde el Zulia para cumplir con sus metas propuestas. Los aprendices y participantes del Bachillerato Productivo se reincorporaron a su esquema de capacitaci\u00f3n<\/span><\/em><\/strong><!--more--><\/p>\n<p>&nbsp;<\/p>\n<p style=\"font-weight: 400; text-align: justify;\"><strong><span style=\"font-size: 14pt; font-family: helvetica, arial, sans-serif;\">MARIANA ALBARR\u00c1N \/ LENIN R\u00cdOS<\/span><\/strong><\/p>\n<p style=\"font-weight: 400; text-align: justify;\"><span style=\"font-size: 14pt; font-family: helvetica, arial, sans-serif;\">Activos y en vanguardia inici\u00f3 este 2023 el Instituto Nacional de Capacitaci\u00f3n y Educaci\u00f3n Socialista (Inces) en el Zulia, que enrumba todos sus esfuerzos desde la formaci\u00f3n t\u00e9cnica profesional, para forjar una cultura productiva. Ante este escenario, se desarrollaron despliegues para la atenci\u00f3n en las instituciones de educaci\u00f3n media general, se retom\u00f3 la capacitaci\u00f3n del Bachillerato Productivo y del Programa Nacional de Aprendizaje, se desarrollaron mesas de trabajo con los maestros t\u00e9cnicos productivos y se brind\u00f3 orientaci\u00f3n a entidades de trabajo para potenciar los saberes y haceres de los ciudadanos en sus oficios, para cumplir con las metas propuestas para este 2023, sin olvidar las labores de mantenimiento de los diferentes espacios.<\/span><\/p>\n<p>&nbsp;<\/p>\n<p style=\"font-weight: 400; text-align: justify;\"><span style=\"font-size: 14pt; font-family: helvetica, arial, sans-serif;\">El profesor Mart\u00edn Melean, jefe de Formaci\u00f3n Profesional del Inces Zulia, lider\u00f3 una reuni\u00f3n con el equipo de maestros t\u00e9cnicos productivos del motor Turismo, para dise\u00f1ar estrategias para la atenci\u00f3n con diferentes formaciones en los centros del eje metropolitano, municipios que abarcan gran parte de la densidad poblacional del estado.<\/span><\/p>\n<p>&nbsp;<\/p>\n<p style=\"font-weight: 400; text-align: justify;\"><span style=\"font-size: 14pt; font-family: helvetica, arial, sans-serif;\">Desde la Costa Oriental del Lago, los Centros de Formaci\u00f3n Socialista (CFS) Cabimas, Ciudad Paraute y Los Puertos desarrollaron un despliegue en las unidades educativas o liceos de los municipios: Cabimas, Lagunillas, Miranda y Sim\u00f3n Bol\u00edvar, para caracterizar a los docentes responsables de los grupos Creaci\u00f3n, Recreaci\u00f3n y Producci\u00f3n (CRP) y planificar la acci\u00f3n en el II Momento Pedag\u00f3gico. <\/span><\/p>\n<p>&nbsp;<\/p>\n<p style=\"font-weight: 400; text-align: justify;\"><span style=\"font-size: 14pt; font-family: helvetica, arial, sans-serif;\">C\u00e9sar Zabala, jefe del CFS Cabimas resalt\u00f3 que junto a la red intercircuital 1 del municipio se establecieron acuerdos para abordar a estudiantes de cuarto y quinto a\u00f1o, de un aproximado de 40 liceos, sin olvidar que se retom\u00f3 la programaci\u00f3n del Bachillerato Productivo para proseguir con los trayectos correspondientes.<\/span><\/p>\n<p style=\"font-weight: 400; text-align: justify;\"><span style=\"font-size: 14pt; font-family: helvetica, arial, sans-serif;\">Sin perder la marcha, sabemos que la educaci\u00f3n es punta de lanza para el desarrollo de la naci\u00f3n y desde el Programa Nacional de Aprendizaje, en el Zulia, los aprendices se reincorporaron a su ense\u00f1anzas y pr\u00e1cticas en las entidades de trabajo, en las diferentes instancias organizativas, modalidades y convenios, mientras que desde los CFS Maracaibo y Artes Gr\u00e1ficas se recibi\u00f3 a la Gerencia de Formaci\u00f3n del Metro de Maracaibo, para la ejecuci\u00f3n de proyectos de Formaci\u00f3n y Autoformaci\u00f3n Productiva.\u00a0<\/span><\/p>\n","protected":false},"excerpt":{"rendered":"<p>** El sistema t\u00e9cnico profesional del Inces se enrumba desde el Zulia para cumplir con sus metas propuestas. Los aprendices y participantes del Bachillerato Productivo se reincorporaron a su esquema de capacitaci\u00f3n<\/p>\n","protected":false},"author":4,"featured_media":48962,"comment_status":"closed","ping_status":"closed","sticky":false,"template":"","format":"standard","meta":{"footnotes":""},"categories":[2],"tags":[],"class_list":["post-48961","post","type-post","status-publish","format-standard","has-post-thumbnail","hentry","category-blog"],"_links":{"self":[{"href":"https:\/\/inces.gob.ve\/index.php\/wp-json\/wp\/v2\/posts\/48961","targetHints":{"allow":["GET"]}}],"collection":[{"href":"https:\/\/inces.gob.ve\/index.php\/wp-json\/wp\/v2\/posts"}],"about":[{"href":"https:\/\/inces.gob.ve\/index.php\/wp-json\/wp\/v2\/types\/post"}],"author":[{"embeddable":true,"href":"https:\/\/inces.gob.ve\/index.php\/wp-json\/wp\/v2\/users\/4"}],"replies":[{"embeddable":true,"href":"https:\/\/inces.gob.ve\/index.php\/wp-json\/wp\/v2\/comments?post=48961"}],"version-history":[{"count":2,"href":"https:\/\/inces.gob.ve\/index.php\/wp-json\/wp\/v2\/posts\/48961\/revisions"}],"predecessor-version":[{"id":48964,"href":"https:\/\/inces.gob.ve\/index.php\/wp-json\/wp\/v2\/posts\/48961\/revisions\/48964"}],"wp:featuredmedia":[{"embeddable":true,"href":"https:\/\/inces.gob.ve\/index.php\/wp-json\/wp\/v2\/media\/48962"}],"wp:attachment":[{"href":"https:\/\/inces.gob.ve\/index.php\/wp-json\/wp\/v2\/media?parent=48961"}],"wp:term":[{"taxonomy":"category","embeddable":true,"href":"https:\/\/inces.gob.ve\/index.php\/wp-json\/wp\/v2\/categories?post=48961"},{"taxonomy":"post_tag","embeddable":true,"href":"https:\/\/inces.gob.ve\/index.php\/wp-json\/wp\/v2\/tags?post=48961"}],"curies":[{"name":"wp","href":"https:\/\/api.w.org\/{rel}","templated":true}]}}