{"id":48972,"date":"2023-01-24T13:34:15","date_gmt":"2023-01-24T17:34:15","guid":{"rendered":"https:\/\/inces.gob.ve\/?p=48972"},"modified":"2023-01-24T13:34:26","modified_gmt":"2023-01-24T17:34:26","slug":"amazonas-programa-nacional-de-aprendizaje-inicia-actividades-en-las-empresas","status":"publish","type":"post","link":"https:\/\/inces.gob.ve\/index.php\/2023\/01\/24\/amazonas-programa-nacional-de-aprendizaje-inicia-actividades-en-las-empresas\/","title":{"rendered":"AMAZONAS | Programa Nacional de Aprendizaje inicia actividades en las empresas"},"content":{"rendered":"<p style=\"text-align: justify;\"><em><span style=\"font-family: helvetica, arial, sans-serif; font-size: 14pt;\"><strong>**Mas 20 Aprendices Inician sus actividades con el oficio de \u00a0asistente administrativos de empresas en el Estado Amazonas<\/strong><\/span><\/em><br \/>\n<!--more--><\/p>\n<p>&nbsp;<\/p>\n<p style=\"text-align: justify;\"><span style=\"font-family: helvetica, arial, sans-serif; font-size: 14pt;\">FELIX RUIZ<\/span><\/p>\n<p style=\"text-align: justify;\"><span style=\"font-family: helvetica, arial, sans-serif; font-size: 14pt;\">El Inces, mediante el Programa Nacional de Aprendizaje (PNA) y el trabajo mancomunado que se raliza con las entidades de trabajo del estado, atlrs como Hidroamazonas, Alimentos Amazonas, Textiles Amazonas, Acuarios Amazonas, Bloques y Agregados Amazonas, Asfaltoy pavimentos Amazonas y Lubricantes Amazonas dio inicio a las actividades en las diferentes compa\u00f1\u00edas.<\/span><\/p>\n<p style=\"text-align: justify;\"><span style=\"font-family: helvetica, arial, sans-serif; font-size: 14pt;\">Al acto de apertura asistieron la responsable del\u00a0PNA, Yuslaisy Arena y la Analista Nayelys Nieves, junto a los diferentes representantes de la entidades de trabajo y los 25 aprendices que iniciar\u00e1n sus actividades formales en estas empresas, con la ocupaci\u00f3n productiva Asistente Administrativo de Empresa.\u00a0Los muchachos realizar\u00e1n sus actividades bajo la modalidad de Agrupaci\u00f3n Interempresa.<\/span><\/p>\n<p><img loading=\"lazy\" decoding=\"async\" class=\"aligncenter wp-image-48973 size-full\" src=\"https:\/\/inces.gob.ve\/wp-content\/uploads\/2023\/01\/Prog.Nac_.-Aprendizaje--e1674581542890.jpeg\" alt=\"\" width=\"800\" height=\"369\" srcset=\"https:\/\/inces.gob.ve\/wp-content\/uploads\/2023\/01\/Prog.Nac_.-Aprendizaje--e1674581542890.jpeg 800w, https:\/\/inces.gob.ve\/wp-content\/uploads\/2023\/01\/Prog.Nac_.-Aprendizaje--e1674581542890-300x138.jpeg 300w, https:\/\/inces.gob.ve\/wp-content\/uploads\/2023\/01\/Prog.Nac_.-Aprendizaje--e1674581542890-768x354.jpeg 768w\" sizes=\"auto, (max-width: 800px) 100vw, 800px\" \/><\/p>\n<p style=\"text-align: justify;\"><span style=\"font-family: helvetica, arial, sans-serif; font-size: 14pt;\">De igual manera estuvo presente el jefe de la Divisi\u00f3n de Talebto Humano, Rafael Aguirre, el jefe de centro Jhonny Bejas, la jefa de Formaci\u00f3n Profesional, Cleudes Garcia, entre otras personalidades Inces.<\/span><\/p>\n<p style=\"text-align: justify;\"><span style=\"font-family: helvetica, arial, sans-serif; font-size: 14pt;\">Esta actividad tiene como objetivo \u00a0formar j\u00f3venes entre 14 y 18 a\u00f1os para su articulaci\u00f3n en el proceso social del trabajo que demandan los sectores productivos, constituyendo la v\u00eda por excelencia para la preparaci\u00f3n t\u00e9cnica \u2013 productiva de la generaci\u00f3n de relevo que el pa\u00eds requiere.\u00a0<\/span><\/p>\n<p><img loading=\"lazy\" decoding=\"async\" class=\"aligncenter wp-image-48974 size-full\" src=\"https:\/\/inces.gob.ve\/wp-content\/uploads\/2023\/01\/Prog.Nac_.-Aprendizaje-1--e1674581563797.jpeg\" alt=\"\" width=\"800\" height=\"600\" srcset=\"https:\/\/inces.gob.ve\/wp-content\/uploads\/2023\/01\/Prog.Nac_.-Aprendizaje-1--e1674581563797.jpeg 800w, https:\/\/inces.gob.ve\/wp-content\/uploads\/2023\/01\/Prog.Nac_.-Aprendizaje-1--e1674581563797-300x225.jpeg 300w, https:\/\/inces.gob.ve\/wp-content\/uploads\/2023\/01\/Prog.Nac_.-Aprendizaje-1--e1674581563797-768x576.jpeg 768w, https:\/\/inces.gob.ve\/wp-content\/uploads\/2023\/01\/Prog.Nac_.-Aprendizaje-1--e1674581563797-136x102.jpeg 136w\" sizes=\"auto, (max-width: 800px) 100vw, 800px\" \/><\/p>\n<p style=\"text-align: justify;\"><span style=\"font-family: helvetica, arial, sans-serif; font-size: 14pt;\">El encuentro se llev\u00f3 a cabo en las instalaciones del Centro de Formaci\u00f3n Socialista (CFS) Cacique Aramare, de la ciudad de Puerto Ayacucho.<\/span><\/p>\n<p><img loading=\"lazy\" decoding=\"async\" class=\"aligncenter wp-image-48976 size-full\" src=\"https:\/\/inces.gob.ve\/wp-content\/uploads\/2023\/01\/Prog.Nac_.-Aprendizaje-4--e1674581582144.jpeg\" alt=\"\" width=\"800\" height=\"600\" srcset=\"https:\/\/inces.gob.ve\/wp-content\/uploads\/2023\/01\/Prog.Nac_.-Aprendizaje-4--e1674581582144.jpeg 800w, https:\/\/inces.gob.ve\/wp-content\/uploads\/2023\/01\/Prog.Nac_.-Aprendizaje-4--e1674581582144-300x225.jpeg 300w, https:\/\/inces.gob.ve\/wp-content\/uploads\/2023\/01\/Prog.Nac_.-Aprendizaje-4--e1674581582144-768x576.jpeg 768w, https:\/\/inces.gob.ve\/wp-content\/uploads\/2023\/01\/Prog.Nac_.-Aprendizaje-4--e1674581582144-136x102.jpeg 136w\" sizes=\"auto, (max-width: 800px) 100vw, 800px\" \/><\/p>\n<p style=\"text-align: justify;\"><span style=\"font-family: helvetica, arial, sans-serif; font-size: 14pt;\">Cabe destacar que el Programa Nacional de Aprendizaje es una iniciativa del Gobierno Nacional, contenido en la Ley del Instituto Nacional de Capacitaci\u00f3n y Educaci\u00f3n Socialista, la cual tiene como finalidad establecer la Obligaci\u00f3n Civil que tienen todas las unidades productivas, empresas y establecimientos de propiedad privada o colectiva.<\/span><\/p>\n","protected":false},"excerpt":{"rendered":"<p>**Mas 20 Aprendices Inician sus actividades con el oficio de \u00a0asistente administrativos de empresas en el Estado Amazonas<\/p>\n","protected":false},"author":15,"featured_media":48975,"comment_status":"closed","ping_status":"closed","sticky":false,"template":"","format":"standard","meta":{"footnotes":""},"categories":[2],"tags":[],"class_list":["post-48972","post","type-post","status-publish","format-standard","has-post-thumbnail","hentry","category-blog"],"_links":{"self":[{"href":"https:\/\/inces.gob.ve\/index.php\/wp-json\/wp\/v2\/posts\/48972","targetHints":{"allow":["GET"]}}],"collection":[{"href":"https:\/\/inces.gob.ve\/index.php\/wp-json\/wp\/v2\/posts"}],"about":[{"href":"https:\/\/inces.gob.ve\/index.php\/wp-json\/wp\/v2\/types\/post"}],"author":[{"embeddable":true,"href":"https:\/\/inces.gob.ve\/index.php\/wp-json\/wp\/v2\/users\/15"}],"replies":[{"embeddable":true,"href":"https:\/\/inces.gob.ve\/index.php\/wp-json\/wp\/v2\/comments?post=48972"}],"version-history":[{"count":1,"href":"https:\/\/inces.gob.ve\/index.php\/wp-json\/wp\/v2\/posts\/48972\/revisions"}],"predecessor-version":[{"id":48977,"href":"https:\/\/inces.gob.ve\/index.php\/wp-json\/wp\/v2\/posts\/48972\/revisions\/48977"}],"wp:featuredmedia":[{"embeddable":true,"href":"https:\/\/inces.gob.ve\/index.php\/wp-json\/wp\/v2\/media\/48975"}],"wp:attachment":[{"href":"https:\/\/inces.gob.ve\/index.php\/wp-json\/wp\/v2\/media?parent=48972"}],"wp:term":[{"taxonomy":"category","embeddable":true,"href":"https:\/\/inces.gob.ve\/index.php\/wp-json\/wp\/v2\/categories?post=48972"},{"taxonomy":"post_tag","embeddable":true,"href":"https:\/\/inces.gob.ve\/index.php\/wp-json\/wp\/v2\/tags?post=48972"}],"curies":[{"name":"wp","href":"https:\/\/api.w.org\/{rel}","templated":true}]}}