{"id":48986,"date":"2023-01-25T11:41:47","date_gmt":"2023-01-25T15:41:47","guid":{"rendered":"https:\/\/inces.gob.ve\/?p=48986"},"modified":"2023-01-25T11:42:08","modified_gmt":"2023-01-25T15:42:08","slug":"aragua-se-realizo-la-primera-mesa-de-trabajo-para-discusion-sobre-la-planta-aba-como-unidad-productiva","status":"publish","type":"post","link":"https:\/\/inces.gob.ve\/index.php\/2023\/01\/25\/aragua-se-realizo-la-primera-mesa-de-trabajo-para-discusion-sobre-la-planta-aba-como-unidad-productiva\/","title":{"rendered":"ARAGUA | Se realiz\u00f3 la primera mesa de trabajo para discusi\u00f3n sobre la \u00abPlanta ABA\u00bb, como Unidad Productiva"},"content":{"rendered":"<div dir=\"auto\" style=\"text-align: justify;\"><em><strong><span style=\"font-family: helvetica, arial, sans-serif; font-size: 14pt;\">** Desde la Gerencia Regional Aragua se elaboraron planes con miras al desarrollo productivo y formativo<\/span><\/strong><\/em><\/div>\n<p><!--more--><\/p>\n<div dir=\"auto\" style=\"text-align: justify;\"><\/div>\n<div dir=\"auto\" style=\"text-align: justify;\"><\/div>\n<div dir=\"auto\" style=\"text-align: justify;\"><span style=\"font-family: helvetica, arial, sans-serif; font-size: 14pt;\">NINOSKA PATRIZ<\/span><\/div>\n<div dir=\"auto\" style=\"text-align: justify;\"><span style=\"font-family: helvetica, arial, sans-serif; font-size: 14pt;\">En aras de avanzar en la fabricaci\u00f3n de la Planta Procesadora de Alimentos Balanceados para Animales (ABA) como Unidad Productiva del Inces Aragua, se di\u00f3 cita al equipo de labores en mesa de trabajo.<\/span><\/div>\n<div dir=\"auto\" style=\"text-align: justify;\"><\/div>\n<div dir=\"auto\" style=\"text-align: justify;\"><\/div>\n<div dir=\"auto\" style=\"text-align: justify;\"><span style=\"font-family: helvetica, arial, sans-serif; font-size: 14pt;\">La misma estuvo a liderada por la gerente regional del Inces Aragua, Yelitza Rodr\u00edguez; la coordinadora de Encadenamiento Productivo, Neyda Medina,\u00a0 el jefe del Centro de Formaci\u00f3n Socialista (CFS), Henry Gil; del Inces Construcci\u00f3n, Jorge Navarro, de Metalminero Maracay, Sim\u00f3n Navarro: el\u00a0 jefe de Divisi\u00f3n de Formaci\u00f3n Profesional, Yader Salazar, entre otros.<\/span><\/div>\n<div dir=\"auto\" style=\"text-align: justify;\"><\/div>\n<div dir=\"auto\" style=\"text-align: justify;\"><span style=\"font-family: helvetica, arial, sans-serif; font-size: 14pt;\">Los acuerdos y planteamientos resultados de esa reuni\u00f3n de trabajo servir\u00e1n para impulsar la calidad y eficiencia del motor agroalimentario.<\/span><\/div>\n<div dir=\"auto\" style=\"text-align: justify;\"><\/div>\n<div dir=\"auto\" style=\"text-align: justify;\"><\/div>\n<div dir=\"auto\" style=\"text-align: justify;\"><span style=\"font-family: helvetica, arial, sans-serif; font-size: 14pt;\">La visi\u00f3n se orienta hacia el fortalecimiento end\u00f3geno, socialista y autosustentable, siguiendo el legado del Comandante Eterno Hugo Ch\u00e1vez.<\/span><\/div>\n","protected":false},"excerpt":{"rendered":"<p>** Desde la Gerencia Regional Aragua se elaboraron planes con miras al desarrollo productivo y formativo<\/p>\n","protected":false},"author":15,"featured_media":48987,"comment_status":"closed","ping_status":"closed","sticky":false,"template":"","format":"standard","meta":{"footnotes":""},"categories":[2],"tags":[],"class_list":["post-48986","post","type-post","status-publish","format-standard","has-post-thumbnail","hentry","category-blog"],"_links":{"self":[{"href":"https:\/\/inces.gob.ve\/index.php\/wp-json\/wp\/v2\/posts\/48986","targetHints":{"allow":["GET"]}}],"collection":[{"href":"https:\/\/inces.gob.ve\/index.php\/wp-json\/wp\/v2\/posts"}],"about":[{"href":"https:\/\/inces.gob.ve\/index.php\/wp-json\/wp\/v2\/types\/post"}],"author":[{"embeddable":true,"href":"https:\/\/inces.gob.ve\/index.php\/wp-json\/wp\/v2\/users\/15"}],"replies":[{"embeddable":true,"href":"https:\/\/inces.gob.ve\/index.php\/wp-json\/wp\/v2\/comments?post=48986"}],"version-history":[{"count":1,"href":"https:\/\/inces.gob.ve\/index.php\/wp-json\/wp\/v2\/posts\/48986\/revisions"}],"predecessor-version":[{"id":48988,"href":"https:\/\/inces.gob.ve\/index.php\/wp-json\/wp\/v2\/posts\/48986\/revisions\/48988"}],"wp:featuredmedia":[{"embeddable":true,"href":"https:\/\/inces.gob.ve\/index.php\/wp-json\/wp\/v2\/media\/48987"}],"wp:attachment":[{"href":"https:\/\/inces.gob.ve\/index.php\/wp-json\/wp\/v2\/media?parent=48986"}],"wp:term":[{"taxonomy":"category","embeddable":true,"href":"https:\/\/inces.gob.ve\/index.php\/wp-json\/wp\/v2\/categories?post=48986"},{"taxonomy":"post_tag","embeddable":true,"href":"https:\/\/inces.gob.ve\/index.php\/wp-json\/wp\/v2\/tags?post=48986"}],"curies":[{"name":"wp","href":"https:\/\/api.w.org\/{rel}","templated":true}]}}