{"id":49088,"date":"2023-02-02T12:09:17","date_gmt":"2023-02-02T16:09:17","guid":{"rendered":"https:\/\/inces.gob.ve\/?p=49088"},"modified":"2023-02-02T12:13:45","modified_gmt":"2023-02-02T16:13:45","slug":"miranda-el-inces-ofrecio-un-taller-de-mascaras-carnestolendas","status":"publish","type":"post","link":"https:\/\/inces.gob.ve\/index.php\/2023\/02\/02\/miranda-el-inces-ofrecio-un-taller-de-mascaras-carnestolendas\/","title":{"rendered":"MIRANDA | EL Inces ofreci\u00f3 un taller de m\u00e1scaras carnestolendas"},"content":{"rendered":"<div dir=\"auto\" style=\"text-align: justify;\"><em><strong><span style=\"font-family: helvetica, arial, sans-serif; font-size: 14pt;\">** Las fiestas de carnaval son de mucho color y alegr\u00eda<\/span><\/strong><\/em><\/div>\n<p><!--more--><\/p>\n<div dir=\"auto\" style=\"text-align: justify;\"><\/div>\n<div dir=\"auto\" style=\"text-align: justify;\"><em><strong><span style=\"font-family: helvetica, arial, sans-serif; font-size: 14pt;\">Desde el centro de formaci\u00f3n textil de Los Cortijos, los maestros del Inces participaron en el taller de m\u00e1scaras carnestolendas, propuesta de la Gerencia de Cultura, Deporte, Recreaci\u00f3n y Participaci\u00f3n Comunal y del gerente regional, Erick Vera<\/span><\/strong><\/em><\/div>\n<div dir=\"auto\"><img loading=\"lazy\" decoding=\"async\" class=\"aligncenter wp-image-49091 size-full\" src=\"https:\/\/inces.gob.ve\/wp-content\/uploads\/2023\/02\/taller-de-mascaras-3--scaled-e1675354060284.jpg\" alt=\"\" width=\"800\" height=\"600\" srcset=\"https:\/\/inces.gob.ve\/wp-content\/uploads\/2023\/02\/taller-de-mascaras-3--scaled-e1675354060284.jpg 800w, https:\/\/inces.gob.ve\/wp-content\/uploads\/2023\/02\/taller-de-mascaras-3--scaled-e1675354060284-300x225.jpg 300w, https:\/\/inces.gob.ve\/wp-content\/uploads\/2023\/02\/taller-de-mascaras-3--scaled-e1675354060284-768x576.jpg 768w, https:\/\/inces.gob.ve\/wp-content\/uploads\/2023\/02\/taller-de-mascaras-3--scaled-e1675354060284-136x102.jpg 136w\" sizes=\"auto, (max-width: 800px) 100vw, 800px\" \/><\/div>\n<div dir=\"auto\" style=\"text-align: justify;\"><\/div>\n<div dir=\"auto\" style=\"text-align: justify;\"><em><strong><span style=\"font-family: helvetica, arial, sans-serif; font-size: 14pt;\">El taller se desarroll\u00f3 con base en la descolonizaci\u00f3n del pensamiento y la concienciaci\u00f3n de las fiestas carnestolendas; adem\u00e1s se tomaron en cuenta\u00a0 diferentes expresiones est\u00e9ticas, d\u00f3nde la diversi\u00f3n y manifestaciones culturales se transformaron en \u00e1rea de inter\u00e9s para el desarrollo tur\u00edstico y socioecon\u00f3mico de la comunidad.<\/span><\/strong><\/em><\/div>\n<div dir=\"auto\"><img loading=\"lazy\" decoding=\"async\" class=\"aligncenter wp-image-49090 size-full\" src=\"https:\/\/inces.gob.ve\/wp-content\/uploads\/2023\/02\/taller-de-mascaras-2--scaled-e1675354083420.jpg\" alt=\"\" width=\"800\" height=\"600\" srcset=\"https:\/\/inces.gob.ve\/wp-content\/uploads\/2023\/02\/taller-de-mascaras-2--scaled-e1675354083420.jpg 800w, https:\/\/inces.gob.ve\/wp-content\/uploads\/2023\/02\/taller-de-mascaras-2--scaled-e1675354083420-300x225.jpg 300w, https:\/\/inces.gob.ve\/wp-content\/uploads\/2023\/02\/taller-de-mascaras-2--scaled-e1675354083420-768x576.jpg 768w, https:\/\/inces.gob.ve\/wp-content\/uploads\/2023\/02\/taller-de-mascaras-2--scaled-e1675354083420-136x102.jpg 136w\" sizes=\"auto, (max-width: 800px) 100vw, 800px\" \/><\/div>\n<div dir=\"auto\" style=\"text-align: justify;\"><\/div>\n<div dir=\"auto\" style=\"text-align: justify;\"><em><strong><span style=\"font-family: helvetica, arial, sans-serif; font-size: 14pt;\">Al final del taller se realiz\u00f3 una exposici\u00f3n de las m\u00e1scaras, donde se apreci\u00f3 la creatividad de los maestros y participantes.<\/span><\/strong><\/em><\/div>\n<div dir=\"auto\"><img loading=\"lazy\" decoding=\"async\" class=\"aligncenter wp-image-49092 size-full\" src=\"https:\/\/inces.gob.ve\/wp-content\/uploads\/2023\/02\/taller-de-mascaras-5--scaled-e1675354100257.jpg\" alt=\"\" width=\"800\" height=\"600\" srcset=\"https:\/\/inces.gob.ve\/wp-content\/uploads\/2023\/02\/taller-de-mascaras-5--scaled-e1675354100257.jpg 800w, https:\/\/inces.gob.ve\/wp-content\/uploads\/2023\/02\/taller-de-mascaras-5--scaled-e1675354100257-300x225.jpg 300w, https:\/\/inces.gob.ve\/wp-content\/uploads\/2023\/02\/taller-de-mascaras-5--scaled-e1675354100257-768x576.jpg 768w, https:\/\/inces.gob.ve\/wp-content\/uploads\/2023\/02\/taller-de-mascaras-5--scaled-e1675354100257-136x102.jpg 136w\" sizes=\"auto, (max-width: 800px) 100vw, 800px\" \/><\/div>\n<div dir=\"auto\" style=\"text-align: justify;\"><\/div>\n<div dir=\"auto\" style=\"text-align: justify;\"><em><strong><span style=\"font-family: helvetica, arial, sans-serif; font-size: 14pt;\">El pr\u00f3ximo 18 de febrero se realizar\u00e1 la elecci\u00f3n de la madrina del Inces Miranda, en el CFS Electricidad y Electr\u00f3nica, detall\u00f3 el responsable de Cultura de la entidad, Jehinfry Aguiar.<\/span><\/strong><\/em><\/div>\n","protected":false},"excerpt":{"rendered":"<p>** Las fiestas de carnaval son de mucho color y alegr\u00eda<\/p>\n","protected":false},"author":15,"featured_media":49089,"comment_status":"closed","ping_status":"closed","sticky":false,"template":"","format":"standard","meta":{"footnotes":""},"categories":[2],"tags":[],"class_list":["post-49088","post","type-post","status-publish","format-standard","has-post-thumbnail","hentry","category-blog"],"_links":{"self":[{"href":"https:\/\/inces.gob.ve\/index.php\/wp-json\/wp\/v2\/posts\/49088","targetHints":{"allow":["GET"]}}],"collection":[{"href":"https:\/\/inces.gob.ve\/index.php\/wp-json\/wp\/v2\/posts"}],"about":[{"href":"https:\/\/inces.gob.ve\/index.php\/wp-json\/wp\/v2\/types\/post"}],"author":[{"embeddable":true,"href":"https:\/\/inces.gob.ve\/index.php\/wp-json\/wp\/v2\/users\/15"}],"replies":[{"embeddable":true,"href":"https:\/\/inces.gob.ve\/index.php\/wp-json\/wp\/v2\/comments?post=49088"}],"version-history":[{"count":1,"href":"https:\/\/inces.gob.ve\/index.php\/wp-json\/wp\/v2\/posts\/49088\/revisions"}],"predecessor-version":[{"id":49093,"href":"https:\/\/inces.gob.ve\/index.php\/wp-json\/wp\/v2\/posts\/49088\/revisions\/49093"}],"wp:featuredmedia":[{"embeddable":true,"href":"https:\/\/inces.gob.ve\/index.php\/wp-json\/wp\/v2\/media\/49089"}],"wp:attachment":[{"href":"https:\/\/inces.gob.ve\/index.php\/wp-json\/wp\/v2\/media?parent=49088"}],"wp:term":[{"taxonomy":"category","embeddable":true,"href":"https:\/\/inces.gob.ve\/index.php\/wp-json\/wp\/v2\/categories?post=49088"},{"taxonomy":"post_tag","embeddable":true,"href":"https:\/\/inces.gob.ve\/index.php\/wp-json\/wp\/v2\/tags?post=49088"}],"curies":[{"name":"wp","href":"https:\/\/api.w.org\/{rel}","templated":true}]}}