{"id":49137,"date":"2023-02-03T13:07:59","date_gmt":"2023-02-03T17:07:59","guid":{"rendered":"https:\/\/inces.gob.ve\/?p=49137"},"modified":"2023-02-03T13:08:29","modified_gmt":"2023-02-03T17:08:29","slug":"zulia-se-reinauguro-el-comedor-de-la-gerencia-regional-del-inces-y-se-reconocio-la-dedicacion-de-68-maestros-marabinos","status":"publish","type":"post","link":"https:\/\/inces.gob.ve\/index.php\/2023\/02\/03\/zulia-se-reinauguro-el-comedor-de-la-gerencia-regional-del-inces-y-se-reconocio-la-dedicacion-de-68-maestros-marabinos\/","title":{"rendered":"ZULIA | Se reinaugur\u00f3 el comedor de la Gerencia Regional del Inces y se reconoci\u00f3 la dedicaci\u00f3n de 68 maestros  marabinos"},"content":{"rendered":"<div dir=\"ltr\" style=\"text-align: justify;\"><em><strong><span style=\"font-family: helvetica, arial, sans-serif; font-size: 14pt;\">** Un total de 68 maestros t\u00e9cnicos productivos del Inces, adscritos a cuatro Centros de Formaci\u00f3n Socialista en Maracaibo, recibieron un reconocimiento por su labor en pro de la formaci\u00f3n t\u00e9cnica<\/span><\/strong><\/em><\/div>\n<p><!--more--><\/p>\n<p>&nbsp;<\/p>\n<div dir=\"ltr\" style=\"text-align: justify;\"><\/div>\n<div dir=\"ltr\" style=\"text-align: justify;\"><span style=\"font-family: helvetica, arial, sans-serif; font-size: 14pt;\"><b>LENIN R\u00cdOS \/ MARIANA ALBARR\u00c1N<br \/>\n<\/b><\/span><br \/>\n<span style=\"font-family: helvetica, arial, sans-serif; font-size: 14pt;\">\u00a1A toda marcha, juntos por la formaci\u00f3n t\u00e9cnica profesional del futuro y como multiplicadores de logros!, en\u00a0 la sede de la Gerencia Regional del Instituto Nacional de Capacitaci\u00f3n y Educaci\u00f3n Socialista (INCES), en el Zulia, se realiz\u00f3 el acto de reinauguraci\u00f3n del comedor, que atiende a m\u00e1s de 60 trabajadores y trabajadoras del ente, diariamente, a la par de la entrega de reconocimientos a 68 maestros t\u00e9cnicos productivos, de cuatro Centros de Formaci\u00f3n Socialista de Maracaibo, paladines de buena voluntad y de infinitos aportes para la consolidaci\u00f3n de valores.<\/span><\/div>\n<div dir=\"ltr\" style=\"text-align: justify;\"><img loading=\"lazy\" decoding=\"async\" class=\"aligncenter wp-image-49139 size-full\" src=\"https:\/\/inces.gob.ve\/wp-content\/uploads\/2023\/02\/reconocimiento-por-labor-2--e1675443982284.jpg\" alt=\"\" width=\"800\" height=\"600\" srcset=\"https:\/\/inces.gob.ve\/wp-content\/uploads\/2023\/02\/reconocimiento-por-labor-2--e1675443982284.jpg 800w, https:\/\/inces.gob.ve\/wp-content\/uploads\/2023\/02\/reconocimiento-por-labor-2--e1675443982284-300x225.jpg 300w, https:\/\/inces.gob.ve\/wp-content\/uploads\/2023\/02\/reconocimiento-por-labor-2--e1675443982284-768x576.jpg 768w, https:\/\/inces.gob.ve\/wp-content\/uploads\/2023\/02\/reconocimiento-por-labor-2--e1675443982284-136x102.jpg 136w\" sizes=\"auto, (max-width: 800px) 100vw, 800px\" \/><br \/>\n<span style=\"font-family: helvetica, arial, sans-serif; font-size: 14pt;\">En representaci\u00f3n del viceministro y presidente del Inces, Wuikelman \u00c1ngel Paredes, el licenciado Jos\u00e9 Vicente Farias Echeverri lider\u00f3 la actividad que convoc\u00f3 a la uni\u00f3n, el trabajo y la esperanza, donde expres\u00f3 que: \u201cPese a todas las dificultades ocasionadas por las medidas y el bloqueo que afectan los ingresos de la naci\u00f3n, elevamos que en la uni\u00f3n est\u00e1 la fuerza, de todas y todos reunidos, en una visi\u00f3n com\u00fan \u00a1Vamos Pa&#8217; lante!, para construir soluciones que permitan avanzar en el bienestar colectivo y la calidad educativa.<\/span><\/div>\n<div dir=\"ltr\" style=\"text-align: justify;\"><img loading=\"lazy\" decoding=\"async\" class=\"aligncenter wp-image-49140 \" src=\"https:\/\/inces.gob.ve\/wp-content\/uploads\/2023\/02\/reconocimiento-por-labor-3--e1675443956847-768x1024.jpg\" alt=\"\" width=\"516\" height=\"688\" srcset=\"https:\/\/inces.gob.ve\/wp-content\/uploads\/2023\/02\/reconocimiento-por-labor-3--e1675443956847-768x1024.jpg 768w, https:\/\/inces.gob.ve\/wp-content\/uploads\/2023\/02\/reconocimiento-por-labor-3--e1675443956847-225x300.jpg 225w, https:\/\/inces.gob.ve\/wp-content\/uploads\/2023\/02\/reconocimiento-por-labor-3--e1675443956847-576x768.jpg 576w, https:\/\/inces.gob.ve\/wp-content\/uploads\/2023\/02\/reconocimiento-por-labor-3--e1675443956847.jpg 800w\" sizes=\"auto, (max-width: 516px) 100vw, 516px\" \/><br \/>\n<span style=\"font-family: helvetica, arial, sans-serif; font-size: 14pt;\">Farias acot\u00f3 que un espacio tan importante como el comedor de los trabajadores y trabajadoras del Inces Zulia se potenci\u00f3 al brindar una climatizaci\u00f3n de altura, que no solo permitir\u00e1 brindar la atenci\u00f3n al talento humano del ente de lunes a viernes, sino a su vez, servir\u00e1 de aula taller para los participantes de las formaciones del motor turismo, que tanta demanda poseen. \u201c Mantener cada rinc\u00f3n apto para que nuestros\/as participantes y trabajadores es garantizar las condiciones que se requiere para la din\u00e1mica productiva\u201d.<\/span><span style=\"font-family: helvetica, arial, sans-serif; font-size: 14pt;\">La dedicaci\u00f3n y constancia de los Maestros T\u00e9cnicos Productivos Inces, que diariamente cumplen con la tarea de construir propuestas y asumir desaf\u00edos para que Venezuela avance, fue reconocida.\u00a0<\/span><\/div>\n<div dir=\"ltr\" style=\"text-align: justify;\">\n<p><img loading=\"lazy\" decoding=\"async\" class=\"aligncenter wp-image-49141 size-full\" src=\"https:\/\/inces.gob.ve\/wp-content\/uploads\/2023\/02\/reconocimiento-por-labor-6--e1675444003887.jpg\" alt=\"\" width=\"800\" height=\"600\" srcset=\"https:\/\/inces.gob.ve\/wp-content\/uploads\/2023\/02\/reconocimiento-por-labor-6--e1675444003887.jpg 800w, https:\/\/inces.gob.ve\/wp-content\/uploads\/2023\/02\/reconocimiento-por-labor-6--e1675444003887-300x225.jpg 300w, https:\/\/inces.gob.ve\/wp-content\/uploads\/2023\/02\/reconocimiento-por-labor-6--e1675444003887-768x576.jpg 768w, https:\/\/inces.gob.ve\/wp-content\/uploads\/2023\/02\/reconocimiento-por-labor-6--e1675444003887-136x102.jpg 136w\" sizes=\"auto, (max-width: 800px) 100vw, 800px\" \/><\/p>\n<p><span style=\"font-family: helvetica, arial, sans-serif; font-size: 14pt;\">\u201cEstamos orgullosos de contar con maestros que nos acompa\u00f1an en cada lucha y en cada victoria. Es con ustedes, que podemos construir propuestas y asumir desaf\u00edos. Cada uno tiene un papel protag\u00f3nico. Su ense\u00f1anza deja una\u00a0 imborrable huella de aprendizaje, agradecemos y reconocemos su acci\u00f3n\u201d , se\u00f1al\u00f3 el profesor Martin Mele\u00e1n, jefe de Formaci\u00f3n Profesional del Inces Zulia.<\/span><span style=\"color: #888888;\"><br clear=\"all\" \/><\/span><\/p>\n<div><\/div>\n<\/div>\n","protected":false},"excerpt":{"rendered":"<p>** Un total de 68 maestros t\u00e9cnicos productivos del Inces, adscritos a cuatro Centros de Formaci\u00f3n Socialista en Maracaibo, recibieron un reconocimiento por su labor en pro de la formaci\u00f3n t\u00e9cnica<\/p>\n","protected":false},"author":15,"featured_media":49138,"comment_status":"closed","ping_status":"closed","sticky":false,"template":"","format":"standard","meta":{"footnotes":""},"categories":[2],"tags":[],"class_list":["post-49137","post","type-post","status-publish","format-standard","has-post-thumbnail","hentry","category-blog"],"_links":{"self":[{"href":"https:\/\/inces.gob.ve\/index.php\/wp-json\/wp\/v2\/posts\/49137","targetHints":{"allow":["GET"]}}],"collection":[{"href":"https:\/\/inces.gob.ve\/index.php\/wp-json\/wp\/v2\/posts"}],"about":[{"href":"https:\/\/inces.gob.ve\/index.php\/wp-json\/wp\/v2\/types\/post"}],"author":[{"embeddable":true,"href":"https:\/\/inces.gob.ve\/index.php\/wp-json\/wp\/v2\/users\/15"}],"replies":[{"embeddable":true,"href":"https:\/\/inces.gob.ve\/index.php\/wp-json\/wp\/v2\/comments?post=49137"}],"version-history":[{"count":3,"href":"https:\/\/inces.gob.ve\/index.php\/wp-json\/wp\/v2\/posts\/49137\/revisions"}],"predecessor-version":[{"id":49144,"href":"https:\/\/inces.gob.ve\/index.php\/wp-json\/wp\/v2\/posts\/49137\/revisions\/49144"}],"wp:featuredmedia":[{"embeddable":true,"href":"https:\/\/inces.gob.ve\/index.php\/wp-json\/wp\/v2\/media\/49138"}],"wp:attachment":[{"href":"https:\/\/inces.gob.ve\/index.php\/wp-json\/wp\/v2\/media?parent=49137"}],"wp:term":[{"taxonomy":"category","embeddable":true,"href":"https:\/\/inces.gob.ve\/index.php\/wp-json\/wp\/v2\/categories?post=49137"},{"taxonomy":"post_tag","embeddable":true,"href":"https:\/\/inces.gob.ve\/index.php\/wp-json\/wp\/v2\/tags?post=49137"}],"curies":[{"name":"wp","href":"https:\/\/api.w.org\/{rel}","templated":true}]}}