{"id":49145,"date":"2023-02-03T13:15:35","date_gmt":"2023-02-03T17:15:35","guid":{"rendered":"https:\/\/inces.gob.ve\/?p=49145"},"modified":"2023-02-03T13:16:05","modified_gmt":"2023-02-03T17:16:05","slug":"aragua-continuan-jornadas-de-mantenimiento-y-limpieza-en-los-centros-de-formacion-socialista","status":"publish","type":"post","link":"https:\/\/inces.gob.ve\/index.php\/2023\/02\/03\/aragua-continuan-jornadas-de-mantenimiento-y-limpieza-en-los-centros-de-formacion-socialista\/","title":{"rendered":"Aragua | Contin\u00faan jornadas de mantenimiento y limpieza en los Centros de Formaci\u00f3n Socialista"},"content":{"rendered":"<div dir=\"auto\" style=\"text-align: justify;\"><em><strong><span style=\"font-family: helvetica, arial, sans-serif; font-size: 14pt;\">** Estas labores son de vital importancia en el marco previo al inicio de las formaciones presenciales para brindar excelentes ambientes para el desarrollo de las actividades educativas<\/span><\/strong><\/em><\/div>\n<p><!--more--><\/p>\n<div dir=\"auto\" style=\"text-align: justify;\"><\/div>\n<div dir=\"auto\" style=\"text-align: justify;\"><\/div>\n<div dir=\"auto\" style=\"text-align: justify;\"><span style=\"font-family: helvetica, arial, sans-serif; font-size: 14pt;\">NINOSKA PATRIZ\u00a0<\/span><\/div>\n<div dir=\"auto\" style=\"text-align: justify;\"><\/div>\n<div dir=\"auto\" style=\"text-align: justify;\"><span style=\"font-family: helvetica, arial, sans-serif; font-size: 14pt;\">De acuerdo con la jefa de la Divisi\u00f3n de Servicios y Mantenimiento, la ingeniera Dulce Pulgar, se continu\u00f3 con los trabajos relacionados a la impermeabilizaci\u00f3n en \u00e1reas del techo de la Sede Inces Aragua, la colocaci\u00f3n de bombillos Led en pasillos y aulas, as\u00ed como la reparaci\u00f3n de cortocircuitos en el CFS Comercial Maracay. <\/span><\/div>\n<p style=\"text-align: justify;\"><img loading=\"lazy\" decoding=\"async\" class=\"aligncenter wp-image-49146 size-full\" src=\"https:\/\/inces.gob.ve\/wp-content\/uploads\/2023\/02\/jornadas-de-mantenimiento-1-.jpg\" alt=\"\" width=\"349\" height=\"345\" srcset=\"https:\/\/inces.gob.ve\/wp-content\/uploads\/2023\/02\/jornadas-de-mantenimiento-1-.jpg 349w, https:\/\/inces.gob.ve\/wp-content\/uploads\/2023\/02\/jornadas-de-mantenimiento-1--300x297.jpg 300w\" sizes=\"auto, (max-width: 349px) 100vw, 349px\" \/><\/p>\n<div dir=\"auto\" style=\"text-align: justify;\"><span style=\"font-family: helvetica, arial, sans-serif; font-size: 14pt;\">Del mismo modo entre el recorrido de acciones llevadas a cabo en los diferentes CFS se encuentran:<\/span><\/div>\n<div dir=\"auto\" style=\"text-align: justify;\"><\/div>\n<div dir=\"auto\" style=\"text-align: justify;\"><span style=\"font-family: helvetica, arial, sans-serif; font-size: 14pt;\">-Reuni\u00f3n con los jefes de centro: Metalminero, para la determinaci\u00f3n del orden de prioridades en reparaciones menores y mayores; as\u00ed como los materiales necesarios en dichos centros. Siendo uno de los\u00a0 necesarios de manera inmediata: la limpieza, destape del sistema de red de aguas servidas, dicho proyecto se encuentra en la Gerencia General de Infraestructura y Servicios\u00bb, seg\u00fan expres\u00f3 la Ingeniera Dulce Pulgar, jefa de la Divisi\u00f3n.<\/span><\/div>\n<div dir=\"auto\"><img loading=\"lazy\" decoding=\"async\" class=\"aligncenter wp-image-49147 size-full\" src=\"https:\/\/inces.gob.ve\/wp-content\/uploads\/2023\/02\/jornadas-de-mantenimiento-2-.jpg\" alt=\"\" width=\"330\" height=\"368\" srcset=\"https:\/\/inces.gob.ve\/wp-content\/uploads\/2023\/02\/jornadas-de-mantenimiento-2-.jpg 330w, https:\/\/inces.gob.ve\/wp-content\/uploads\/2023\/02\/jornadas-de-mantenimiento-2--269x300.jpg 269w\" sizes=\"auto, (max-width: 330px) 100vw, 330px\" \/><\/div>\n<div dir=\"auto\" style=\"text-align: justify;\"><\/div>\n<div dir=\"auto\" style=\"text-align: justify;\"><span style=\"font-family: helvetica, arial, sans-serif; font-size: 14pt;\">-La reparaci\u00f3n de falla el\u00e9ctrica del sistema de bombeo de aguas blancas , CFS. Villa de Cura , ejecutado por el instructor de electricidad , Corpoelec y personal de mantenimiento.<\/span><\/div>\n<div dir=\"auto\" style=\"text-align: justify;\"><\/div>\n<div dir=\"auto\" style=\"text-align: justify;\"><span style=\"font-family: helvetica, arial, sans-serif; font-size: 14pt;\">-La reparaci\u00f3n de tarjeta de encendido y control remoto.en oficina del CFS. Comercial Maracay.<\/span><\/div>\n<div dir=\"auto\" style=\"text-align: justify;\"><\/div>\n<div dir=\"auto\" style=\"text-align: justify;\"><span style=\"font-family: helvetica, arial, sans-serif; font-size: 14pt;\">-La limpieza y lavado de estacionamiento del s\u00f3tano en las instalaciones del edificio sede de la gerencia Regional Aragua<\/span><\/div>\n<div dir=\"auto\" style=\"text-align: justify;\"><\/div>\n<div dir=\"auto\" style=\"text-align: justify;\"><span style=\"font-family: helvetica, arial, sans-serif; font-size: 14pt;\">-Y una jornada de mantenimiento semanal en el CFS. Comercial La Victoria.<\/span><\/div>\n<div dir=\"auto\"><img loading=\"lazy\" decoding=\"async\" class=\"aligncenter wp-image-49148 size-full\" src=\"https:\/\/inces.gob.ve\/wp-content\/uploads\/2023\/02\/jornadas-de-mantenimiento-3-.jpg\" alt=\"\" width=\"335\" height=\"326\" srcset=\"https:\/\/inces.gob.ve\/wp-content\/uploads\/2023\/02\/jornadas-de-mantenimiento-3-.jpg 335w, https:\/\/inces.gob.ve\/wp-content\/uploads\/2023\/02\/jornadas-de-mantenimiento-3--300x292.jpg 300w\" sizes=\"auto, (max-width: 335px) 100vw, 335px\" \/><\/div>\n","protected":false},"excerpt":{"rendered":"<p>** Estas labores son de vital importancia en el marco previo al inicio de las formaciones presenciales para brindar excelentes ambientes para el desarrollo de las actividades educativas<\/p>\n","protected":false},"author":15,"featured_media":49149,"comment_status":"closed","ping_status":"closed","sticky":false,"template":"","format":"standard","meta":{"footnotes":""},"categories":[2],"tags":[],"class_list":["post-49145","post","type-post","status-publish","format-standard","has-post-thumbnail","hentry","category-blog"],"_links":{"self":[{"href":"https:\/\/inces.gob.ve\/index.php\/wp-json\/wp\/v2\/posts\/49145","targetHints":{"allow":["GET"]}}],"collection":[{"href":"https:\/\/inces.gob.ve\/index.php\/wp-json\/wp\/v2\/posts"}],"about":[{"href":"https:\/\/inces.gob.ve\/index.php\/wp-json\/wp\/v2\/types\/post"}],"author":[{"embeddable":true,"href":"https:\/\/inces.gob.ve\/index.php\/wp-json\/wp\/v2\/users\/15"}],"replies":[{"embeddable":true,"href":"https:\/\/inces.gob.ve\/index.php\/wp-json\/wp\/v2\/comments?post=49145"}],"version-history":[{"count":1,"href":"https:\/\/inces.gob.ve\/index.php\/wp-json\/wp\/v2\/posts\/49145\/revisions"}],"predecessor-version":[{"id":49150,"href":"https:\/\/inces.gob.ve\/index.php\/wp-json\/wp\/v2\/posts\/49145\/revisions\/49150"}],"wp:featuredmedia":[{"embeddable":true,"href":"https:\/\/inces.gob.ve\/index.php\/wp-json\/wp\/v2\/media\/49149"}],"wp:attachment":[{"href":"https:\/\/inces.gob.ve\/index.php\/wp-json\/wp\/v2\/media?parent=49145"}],"wp:term":[{"taxonomy":"category","embeddable":true,"href":"https:\/\/inces.gob.ve\/index.php\/wp-json\/wp\/v2\/categories?post=49145"},{"taxonomy":"post_tag","embeddable":true,"href":"https:\/\/inces.gob.ve\/index.php\/wp-json\/wp\/v2\/tags?post=49145"}],"curies":[{"name":"wp","href":"https:\/\/api.w.org\/{rel}","templated":true}]}}