{"id":49176,"date":"2023-02-06T15:06:52","date_gmt":"2023-02-06T19:06:52","guid":{"rendered":"https:\/\/inces.gob.ve\/?p=49176"},"modified":"2023-02-06T15:07:20","modified_gmt":"2023-02-06T19:07:20","slug":"zulia-el-inces-continua-elevando-las-esperanzas-y-conocimiento-de-la-poblacion","status":"publish","type":"post","link":"https:\/\/inces.gob.ve\/index.php\/2023\/02\/06\/zulia-el-inces-continua-elevando-las-esperanzas-y-conocimiento-de-la-poblacion\/","title":{"rendered":"ZULIA \/ El Inces contin\u00faa elevando las esperanzas y conocimiento de la poblaci\u00f3n"},"content":{"rendered":"<p style=\"text-align: justify;\"><em><strong><span style=\"font-family: helvetica, arial, sans-serif; font-size: 14pt;\">** No dejamos de llevar esperanza al pueblo, desde el sistema de formaci\u00f3n t\u00e9cnica y profesional que proporciona el Inces<\/span><\/strong><\/em><br \/>\n<!--more--><\/p>\n<p style=\"text-align: justify;\"><span style=\"font-family: helvetica, arial, sans-serif; font-size: 14pt;\">MARIANA ALBARR\u00c1N \/ LENIN R\u00cdOS<\/span><\/p>\n<p style=\"text-align: justify;\"><span style=\"font-family: helvetica, arial, sans-serif; font-size: 14pt;\">Las puertas del Centro de Formaci\u00f3n Socialista (CFS) Cabimas se abrieron para desarrollar una jornada de orientaci\u00f3n dirigida a los habitantes del municipio, acerca de las diferentes opciones formativas en el Campus Virtual y la Matriz Program\u00e1tica de Formaci\u00f3n 2023, que est\u00e1 cargada de oportunidades para los sectores productivos, bajo los ejes transversales.<\/span><\/p>\n<p><img loading=\"lazy\" decoding=\"async\" class=\"aligncenter wp-image-49177 size-full\" src=\"https:\/\/inces.gob.ve\/wp-content\/uploads\/2023\/02\/Inces-eleva-esperanzas-y-conocimiento-1-.jpg\" alt=\"\" width=\"756\" height=\"718\" srcset=\"https:\/\/inces.gob.ve\/wp-content\/uploads\/2023\/02\/Inces-eleva-esperanzas-y-conocimiento-1-.jpg 756w, https:\/\/inces.gob.ve\/wp-content\/uploads\/2023\/02\/Inces-eleva-esperanzas-y-conocimiento-1--300x285.jpg 300w\" sizes=\"auto, (max-width: 756px) 100vw, 756px\" \/><\/p>\n<p style=\"text-align: justify;\"><span style=\"font-family: helvetica, arial, sans-serif; font-size: 14pt;\"><strong>Atenci\u00f3n a nuestros jubilados y jubiladas <\/strong><\/span><\/p>\n<p style=\"text-align: justify;\"><span style=\"font-family: helvetica, arial, sans-serif; font-size: 14pt;\">Entre el 16 y el 31 de enero, la oficina de Talento Humano del Inces Zulia, a la par de los CFS Los Puertos, Santa B\u00e1rbara, Ciudad Paraute, y Panamericano, atendieron al personal jubilado y sobreviviente, con una jornada de fe de vida. La atenci\u00f3n no se limit\u00f3 al \u00e1mbito de los espacios institucionales, en algunos casos el equipo de analistas se moviliz\u00f3 a las residencias de los adultos mayores, que, por condici\u00f3n de salud, se encontraban imposibilitados de trasladarse.<\/span><\/p>\n<p style=\"text-align: justify;\"><span style=\"font-family: helvetica, arial, sans-serif; font-size: 14pt;\"><strong>Promotores de la formaci\u00f3n de nuestros maestros t\u00e9cnicos productivos<\/strong><\/span><\/p>\n<p style=\"text-align: justify;\"><span style=\"font-family: helvetica, arial, sans-serif; font-size: 14pt;\">Los Equipos de los maestros de los CFS Cabimas y Villa del Rosario, desarrollaron una jornada de plenarias acerca del plan 2023, lo que gener\u00f3 encuentros para socializar el correcto abordaje con la malla curricular\u00a0 a trav\u00e9s de proyectos de formaci\u00f3n y autoformaci\u00f3n productiva desarrolladas en las \u00e1reas de conocimiento tales como del sector agroalimentario, industrial, turismo, salud, ferroviario, hidrocarburos, petroqu\u00edmica, telecomunicaciones y\u00a0 econom\u00eda, entre otros.<\/span><\/p>\n<p><img loading=\"lazy\" decoding=\"async\" class=\"aligncenter wp-image-49180 size-full\" src=\"https:\/\/inces.gob.ve\/wp-content\/uploads\/2023\/02\/Inces-eleva-esperanzas-y-conocimiento-6--e1675710256545.jpg\" alt=\"\" width=\"800\" height=\"450\" srcset=\"https:\/\/inces.gob.ve\/wp-content\/uploads\/2023\/02\/Inces-eleva-esperanzas-y-conocimiento-6--e1675710256545.jpg 800w, https:\/\/inces.gob.ve\/wp-content\/uploads\/2023\/02\/Inces-eleva-esperanzas-y-conocimiento-6--e1675710256545-300x169.jpg 300w, https:\/\/inces.gob.ve\/wp-content\/uploads\/2023\/02\/Inces-eleva-esperanzas-y-conocimiento-6--e1675710256545-768x432.jpg 768w\" sizes=\"auto, (max-width: 800px) 100vw, 800px\" \/><\/p>\n<p style=\"text-align: justify;\"><span style=\"font-family: helvetica, arial, sans-serif; font-size: 14pt;\"><strong>Bachillerato Productivo forma en valores<\/strong><\/span><\/p>\n<p style=\"text-align: justify;\"><span style=\"font-family: helvetica, arial, sans-serif; font-size: 14pt;\">En el marco de la conmemoraci\u00f3n del D\u00eda de la Zulianidad, desde el ambiente del CFS Maracaibo, los participantes de Bachillerato Productivo realizaron diferentes exposiciones y muestras productivas, acerca de la cultura, valores y costumbres de la regi\u00f3n, actividad donde docentes y participantes lucieron prendas t\u00edpicas y disfrutaron al ritmo de gaita.<\/span><\/p>\n<p style=\"text-align: justify;\"><span style=\"font-family: helvetica, arial, sans-serif; font-size: 14pt;\"><strong>Atenci\u00f3n de la infraestructura <\/strong><\/span><\/p>\n<p style=\"text-align: justify;\"><span style=\"font-family: helvetica, arial, sans-serif; font-size: 14pt;\">El Sistema T\u00e9cnico Profesional se prepara para ampliar su capacidad de atenci\u00f3n, por ello, en el CFS Metal Minero, ubicado en el territorio que divide a los municipios Maracaibo y San Francisco, se practic\u00f3 una jornada de limpieza y mantenimiento general, con el fin de adecuar las instalaciones para recibir a la poblaci\u00f3n del eje metropolitano que se formar\u00e1 en el espacio<\/span><\/p>\n<p><img loading=\"lazy\" decoding=\"async\" class=\"aligncenter wp-image-49178 size-full\" src=\"https:\/\/inces.gob.ve\/wp-content\/uploads\/2023\/02\/Inces-eleva-esperanzas-y-conocimiento-3-.jpg\" alt=\"\" width=\"749\" height=\"722\" srcset=\"https:\/\/inces.gob.ve\/wp-content\/uploads\/2023\/02\/Inces-eleva-esperanzas-y-conocimiento-3-.jpg 749w, https:\/\/inces.gob.ve\/wp-content\/uploads\/2023\/02\/Inces-eleva-esperanzas-y-conocimiento-3--300x289.jpg 300w\" sizes=\"auto, (max-width: 749px) 100vw, 749px\" \/><\/p>\n<p style=\"text-align: justify;\"><span style=\"font-family: helvetica, arial, sans-serif; font-size: 14pt;\"><strong>Acci\u00f3n social en la COL<\/strong><\/span><\/p>\n<p style=\"text-align: justify;\"><span style=\"font-family: helvetica, arial, sans-serif; font-size: 14pt;\">\u00a0El servicio de barber\u00eda y peluquer\u00eda \ufe0f del CFS Cabimas se sum\u00f3 a la Gran Jornada por \u00abAmor a Mi Maestra y Mi Maestro\u00bb dirigida a la atenci\u00f3n del magisterio, organizada por el Instituto de Previsi\u00f3n y Asistencia Social para el personal del Ministerio de Educaci\u00f3n(Ipasme) en su sede de Cabimas, donde se brind\u00f3: corte de cabello, rasurado y secados a los asistentes. A su vez, el personal del Inces presente, tambi\u00e9n accedi\u00f3 a consultas m\u00e9dicas-odontol\u00f3gicas.<\/span><\/p>\n<p><img loading=\"lazy\" decoding=\"async\" class=\"aligncenter wp-image-49179 size-full\" src=\"https:\/\/inces.gob.ve\/wp-content\/uploads\/2023\/02\/Inces-eleva-esperanzas-y-conocimiento-4--e1675710303453.jpg\" alt=\"\" width=\"800\" height=\"450\" srcset=\"https:\/\/inces.gob.ve\/wp-content\/uploads\/2023\/02\/Inces-eleva-esperanzas-y-conocimiento-4--e1675710303453.jpg 800w, https:\/\/inces.gob.ve\/wp-content\/uploads\/2023\/02\/Inces-eleva-esperanzas-y-conocimiento-4--e1675710303453-300x169.jpg 300w, https:\/\/inces.gob.ve\/wp-content\/uploads\/2023\/02\/Inces-eleva-esperanzas-y-conocimiento-4--e1675710303453-768x432.jpg 768w\" sizes=\"auto, (max-width: 800px) 100vw, 800px\" \/><\/p>\n<p style=\"text-align: justify;\"><span style=\"font-family: helvetica, arial, sans-serif; font-size: 14pt;\"><strong>En las entidades de trabajo <\/strong><\/span><\/p>\n<p style=\"text-align: justify;\"><span style=\"font-family: helvetica, arial, sans-serif; font-size: 14pt;\">\u00a0El CFS Maracaibo atendi\u00f3 a Leidys S\u00e1nchez Jefa de Talento Humano del Ministerio del Poder Popular para la Agricultura y Pesca, en la regi\u00f3n, quien, en representaci\u00f3n de los Trabajadores y las trabajadoras de diferentes instituciones, acudi\u00f3 para acordar una ruta de formaci\u00f3n y autoformaci\u00f3n.\u00a0<\/span><\/p>\n","protected":false},"excerpt":{"rendered":"<p>** No dejamos de llevar esperanza al pueblo, desde el sistema de formaci\u00f3n t\u00e9cnica y profesional que proporciona el Inces<\/p>\n","protected":false},"author":15,"featured_media":49181,"comment_status":"closed","ping_status":"closed","sticky":false,"template":"","format":"standard","meta":{"footnotes":""},"categories":[2],"tags":[],"class_list":["post-49176","post","type-post","status-publish","format-standard","has-post-thumbnail","hentry","category-blog"],"_links":{"self":[{"href":"https:\/\/inces.gob.ve\/index.php\/wp-json\/wp\/v2\/posts\/49176","targetHints":{"allow":["GET"]}}],"collection":[{"href":"https:\/\/inces.gob.ve\/index.php\/wp-json\/wp\/v2\/posts"}],"about":[{"href":"https:\/\/inces.gob.ve\/index.php\/wp-json\/wp\/v2\/types\/post"}],"author":[{"embeddable":true,"href":"https:\/\/inces.gob.ve\/index.php\/wp-json\/wp\/v2\/users\/15"}],"replies":[{"embeddable":true,"href":"https:\/\/inces.gob.ve\/index.php\/wp-json\/wp\/v2\/comments?post=49176"}],"version-history":[{"count":2,"href":"https:\/\/inces.gob.ve\/index.php\/wp-json\/wp\/v2\/posts\/49176\/revisions"}],"predecessor-version":[{"id":49183,"href":"https:\/\/inces.gob.ve\/index.php\/wp-json\/wp\/v2\/posts\/49176\/revisions\/49183"}],"wp:featuredmedia":[{"embeddable":true,"href":"https:\/\/inces.gob.ve\/index.php\/wp-json\/wp\/v2\/media\/49181"}],"wp:attachment":[{"href":"https:\/\/inces.gob.ve\/index.php\/wp-json\/wp\/v2\/media?parent=49176"}],"wp:term":[{"taxonomy":"category","embeddable":true,"href":"https:\/\/inces.gob.ve\/index.php\/wp-json\/wp\/v2\/categories?post=49176"},{"taxonomy":"post_tag","embeddable":true,"href":"https:\/\/inces.gob.ve\/index.php\/wp-json\/wp\/v2\/tags?post=49176"}],"curies":[{"name":"wp","href":"https:\/\/api.w.org\/{rel}","templated":true}]}}