{"id":49204,"date":"2023-02-08T13:27:55","date_gmt":"2023-02-08T17:27:55","guid":{"rendered":"https:\/\/inces.gob.ve\/?p=49204"},"modified":"2023-02-08T15:02:49","modified_gmt":"2023-02-08T19:02:49","slug":"49204","status":"publish","type":"post","link":"https:\/\/inces.gob.ve\/index.php\/2023\/02\/08\/49204\/","title":{"rendered":"Inces y Unesco disertar\u00e1n sobre el concepto de la formaci\u00f3n profesional y su alcance"},"content":{"rendered":"<p style=\"text-align: justify;\"><span style=\"font-family: helvetica, arial, sans-serif; font-size: 14pt;\"><em><strong>** El Inces abre una vitrina para que Venezuela conozca cu\u00e1l es el tipo de educaci\u00f3n que se imparte en sus aulas<\/strong><\/em><\/span><\/p>\n<p style=\"text-align: justify;\">\n<p style=\"text-align: justify;\"><span style=\"font-family: helvetica, arial, sans-serif; font-size: 14pt;\">Este jueves 9 de marzo, a las 9:30 a.m. el Inces celebrar\u00e1 en el auditorio de su sede de la avenida Nueva Granda el conversatorio La Formaci\u00f3n T\u00e9cnica Profesional: claves y desaf\u00edos, con la magistral presentaci\u00f3n del especialista de la Unesco para Am\u00e9rica Latina y el Caribe, Ram\u00f3n Iriarte.<\/span><\/p>\n<p style=\"text-align: justify;\">\n<p style=\"text-align: justify;\"><span style=\"font-family: helvetica, arial, sans-serif; font-size: 14pt;\">El conversatorio contar\u00e1 adem\u00e1s con las voces de otros expertos como el viceministro de comunidades educativas y presidente del Inces, Wuikelman Angel; la coordinadora del Consejo Territorial Universitario y rectora de la Universidad Nacional Experimental Sim\u00f3n Rodr\u00edguez, Alejandrina Reyes y el gerente nacional de Formaci\u00f3n de Corpoelec, N\u00e9stor Ovalles.<\/span><\/p>\n<p style=\"text-align: justify;\">\n<p style=\"text-align: justify;\"><span style=\"font-family: helvetica, arial, sans-serif; font-size: 14pt;\">Durante la actividad se pretende exponer en palabras llanas, pero sostenidas dentro del marco legal que ampara la formaci\u00f3n t\u00e9cnica profesional (FTP), de qu\u00e9 se trata este tipo de formaci\u00f3n y a qu\u00e9 p\u00fablico en concreto va dirigida.<\/span><\/p>\n<p style=\"text-align: justify;\">\n<p style=\"text-align: justify;\"><span style=\"font-family: helvetica, arial, sans-serif; font-size: 14pt;\">As\u00ed mismo, se pretende esclarecer cu\u00e1les son los atributos que tiene un certificado emitido por el Inces y c\u00f3mo este avala el conocimiento de competencias y no titulaciones acad\u00e9micas.<\/span><\/p>\n<p style=\"text-align: justify;\">\n<p style=\"text-align: justify;\"><span style=\"font-family: helvetica, arial, sans-serif; font-size: 14pt;\">Las personas interesadas en conocer sobre este tema pueden asistir al auditorio del Inces de la Nueva Granada o conectarse v\u00eda YouTube a trav\u00e9s del canal incessocialista. Tambi\u00e9n tendr\u00e1n la opci\u00f3n de participar en esta actividad via Zoom. Para obtener el ID y contrase\u00f1a deben llenar un formulario de Google al que se accede a trav\u00e9s de este link https:\/\/forms.gle\/uVUMYNun3Qk29wsNA<\/span><\/p>\n","protected":false},"excerpt":{"rendered":"<p>** El Inces abre una vitrina para que Venezuela conozca cu\u00e1l es el tipo de educaci\u00f3n que se imparte en sus aulas Este jueves 9 de marzo, a las 9:30 a.m. el Inces celebrar\u00e1 en el auditorio de su sede de la avenida Nueva Granda el conversatorio La Formaci\u00f3n T\u00e9cnica Profesional: claves y desaf\u00edos, con [&hellip;]<\/p>\n","protected":false},"author":4,"featured_media":49206,"comment_status":"closed","ping_status":"closed","sticky":false,"template":"","format":"standard","meta":{"footnotes":""},"categories":[2],"tags":[],"class_list":["post-49204","post","type-post","status-publish","format-standard","has-post-thumbnail","hentry","category-blog"],"_links":{"self":[{"href":"https:\/\/inces.gob.ve\/index.php\/wp-json\/wp\/v2\/posts\/49204","targetHints":{"allow":["GET"]}}],"collection":[{"href":"https:\/\/inces.gob.ve\/index.php\/wp-json\/wp\/v2\/posts"}],"about":[{"href":"https:\/\/inces.gob.ve\/index.php\/wp-json\/wp\/v2\/types\/post"}],"author":[{"embeddable":true,"href":"https:\/\/inces.gob.ve\/index.php\/wp-json\/wp\/v2\/users\/4"}],"replies":[{"embeddable":true,"href":"https:\/\/inces.gob.ve\/index.php\/wp-json\/wp\/v2\/comments?post=49204"}],"version-history":[{"count":4,"href":"https:\/\/inces.gob.ve\/index.php\/wp-json\/wp\/v2\/posts\/49204\/revisions"}],"predecessor-version":[{"id":49210,"href":"https:\/\/inces.gob.ve\/index.php\/wp-json\/wp\/v2\/posts\/49204\/revisions\/49210"}],"wp:featuredmedia":[{"embeddable":true,"href":"https:\/\/inces.gob.ve\/index.php\/wp-json\/wp\/v2\/media\/49206"}],"wp:attachment":[{"href":"https:\/\/inces.gob.ve\/index.php\/wp-json\/wp\/v2\/media?parent=49204"}],"wp:term":[{"taxonomy":"category","embeddable":true,"href":"https:\/\/inces.gob.ve\/index.php\/wp-json\/wp\/v2\/categories?post=49204"},{"taxonomy":"post_tag","embeddable":true,"href":"https:\/\/inces.gob.ve\/index.php\/wp-json\/wp\/v2\/tags?post=49204"}],"curies":[{"name":"wp","href":"https:\/\/api.w.org\/{rel}","templated":true}]}}