{"id":49211,"date":"2023-02-08T12:39:31","date_gmt":"2023-02-08T16:39:31","guid":{"rendered":"https:\/\/inces.gob.ve\/?p=49211"},"modified":"2023-02-08T12:39:41","modified_gmt":"2023-02-08T16:39:41","slug":"valencia-liceo-nacional-inces-carabobo-entrego-titulos-a-54-bachilleres-productivos","status":"publish","type":"post","link":"https:\/\/inces.gob.ve\/index.php\/2023\/02\/08\/valencia-liceo-nacional-inces-carabobo-entrego-titulos-a-54-bachilleres-productivos\/","title":{"rendered":"VALENCIA | Liceo Nacional Inces Carabobo entreg\u00f3 t\u00edtulos a 54 Bachilleres Productivos"},"content":{"rendered":"<p>&nbsp;<\/p>\n<p style=\"text-align: justify;\"><em><strong><span style=\"font-family: helvetica, arial, sans-serif; font-size: 14pt;\">** Los graduandos forman parte de la I Promoci\u00f3n en Carabobo<\/span><\/strong><\/em><!--more--><\/p>\n<p><span style=\"font-family: helvetica, arial, sans-serif; font-size: 14pt;\">ATILIA CORTEZ CA\u00d1ADAS<\/span><br \/>\n<span style=\"font-family: helvetica, arial, sans-serif; font-size: 14pt;\">En los espacios del auditorio del \u00a0Centro de Formaci\u00f3n Socialista (CFS) Luis Beltr\u00e1n Prieto de Valencia se realiz\u00f3 el acto de entrega de 54 t\u00edtulos de Bachillerato Productivo, correspondientes a la I Promoci\u00f3n del Liceo Nacional del Inces Carabobo.<\/span><\/p>\n<p><span style=\"font-family: helvetica, arial, sans-serif; font-size: 14pt;\">Se pudo conocer que un grupo de graduandos son egresados del ambiente de la sede, en la Aldea H\u00e9roes de Canaima 4-F, en Naguanagua y del ambiente del sector La Yaguara. <\/span><\/p>\n<p><span style=\"font-family: helvetica, arial, sans-serif; font-size: 14pt;\">La actividad cont\u00f3 con la presencia de las \u00a0autoridades de la Zona Educativa de Carabobo (ZEC), \u00a0as\u00ed como el enlace de la aldea, la profesora Yovanina Barrios.<\/span><\/p>\n<p><span style=\"font-family: helvetica, arial, sans-serif; font-size: 14pt;\">Entre los asistentes se cont\u00f3 con la presencia del gerente regional del Inces Carabobo, Yorman Rosal, la jefa de Formaci\u00f3n Profesional, Marcia Ceballos, la directora del liceo Inces, profesora Mar\u00eda Pinto y los jefes de Centro Haydee Zambrano, Saray Celemin, Luis Valero e Isaacs Rivero. <\/span><\/p>\n<p><span style=\"font-family: helvetica, arial, sans-serif; font-size: 14pt;\">Entre los graduandos del Programa Bachillerato Productivo se encuentra Angel Moreno, quien es el coordinador del Programa Todas las Manos a la Siembra en Carabobo.<\/span><\/p>\n<p>&nbsp;<\/p>\n","protected":false},"excerpt":{"rendered":"<p>&nbsp; ** Los graduandos forman parte de la I Promoci\u00f3n en Carabobo<\/p>\n","protected":false},"author":15,"featured_media":49212,"comment_status":"closed","ping_status":"closed","sticky":false,"template":"","format":"standard","meta":{"footnotes":""},"categories":[2],"tags":[],"class_list":["post-49211","post","type-post","status-publish","format-standard","has-post-thumbnail","hentry","category-blog"],"_links":{"self":[{"href":"https:\/\/inces.gob.ve\/index.php\/wp-json\/wp\/v2\/posts\/49211","targetHints":{"allow":["GET"]}}],"collection":[{"href":"https:\/\/inces.gob.ve\/index.php\/wp-json\/wp\/v2\/posts"}],"about":[{"href":"https:\/\/inces.gob.ve\/index.php\/wp-json\/wp\/v2\/types\/post"}],"author":[{"embeddable":true,"href":"https:\/\/inces.gob.ve\/index.php\/wp-json\/wp\/v2\/users\/15"}],"replies":[{"embeddable":true,"href":"https:\/\/inces.gob.ve\/index.php\/wp-json\/wp\/v2\/comments?post=49211"}],"version-history":[{"count":2,"href":"https:\/\/inces.gob.ve\/index.php\/wp-json\/wp\/v2\/posts\/49211\/revisions"}],"predecessor-version":[{"id":49214,"href":"https:\/\/inces.gob.ve\/index.php\/wp-json\/wp\/v2\/posts\/49211\/revisions\/49214"}],"wp:featuredmedia":[{"embeddable":true,"href":"https:\/\/inces.gob.ve\/index.php\/wp-json\/wp\/v2\/media\/49212"}],"wp:attachment":[{"href":"https:\/\/inces.gob.ve\/index.php\/wp-json\/wp\/v2\/media?parent=49211"}],"wp:term":[{"taxonomy":"category","embeddable":true,"href":"https:\/\/inces.gob.ve\/index.php\/wp-json\/wp\/v2\/categories?post=49211"},{"taxonomy":"post_tag","embeddable":true,"href":"https:\/\/inces.gob.ve\/index.php\/wp-json\/wp\/v2\/tags?post=49211"}],"curies":[{"name":"wp","href":"https:\/\/api.w.org\/{rel}","templated":true}]}}