{"id":49222,"date":"2023-02-08T13:23:37","date_gmt":"2023-02-08T17:23:37","guid":{"rendered":"https:\/\/inces.gob.ve\/?p=49222"},"modified":"2023-02-08T13:23:44","modified_gmt":"2023-02-08T17:23:44","slug":"yaracuy-adolescentes-con-medidas-socioeducativas-conocen-ofertas-formativa-del-inces","status":"publish","type":"post","link":"https:\/\/inces.gob.ve\/index.php\/2023\/02\/08\/yaracuy-adolescentes-con-medidas-socioeducativas-conocen-ofertas-formativa-del-inces\/","title":{"rendered":"YARACUY | Adolescentes con medidas socioeducativas conocen ofertas formativa del Inces"},"content":{"rendered":"<p style=\"text-align: justify;\"><strong><span style=\"font-family: helvetica, arial, sans-serif; font-size: 14pt;\"><em>**La intenci\u00f3n es que puedan incorporarse a los programas de formaci\u00f3n y de esta manera cumplan con las medidas impuestas por el Tribunal<\/em><\/span><\/strong><!--more--><\/p>\n<p>&nbsp;<\/p>\n<p style=\"text-align: justify;\"><span style=\"font-family: helvetica, arial, sans-serif; font-size: 14pt;\"><em>YOLAICE VARGAS<\/em><\/span><\/p>\n<p style=\"text-align: justify;\"><span style=\"font-family: helvetica, arial, sans-serif; font-size: 14pt;\">Representantes del Instituto Nacional de Capacitaci\u00f3n y Educaci\u00f3n Socialista (Inces) en Yaracuy presentaron propuestas formativas a los padres y adolescentes quienes poseen medidas socioeducativas impuestas por un tribunal.<\/span><\/p>\n<p style=\"text-align: justify;\"><span style=\"font-family: helvetica, arial, sans-serif; font-size: 14pt;\">La oferta formativa fue presentada en las instalaciones del Circuito Judicial Penal de Yaracuy, bajo la direcci\u00f3n del coordinador del equipo t\u00e9cnico de la Secci\u00f3n Penal de responsabilidad del adolescente, Dr. Darwin Camargo con el \u00a0responsable del programa Luisa C\u00e1ceres de Arismendi (Penitenciario), Luis Travieso y el responsable del programa Textil, Luis Rivero del Inces.<\/span><\/p>\n<p><img loading=\"lazy\" decoding=\"async\" class=\"wp-image-49224 size-full\" src=\"https:\/\/inces.gob.ve\/wp-content\/uploads\/2023\/02\/ofertas-formativa-Inces-3--e1675876929647.jpg\" alt=\"\" width=\"800\" height=\"450\" srcset=\"https:\/\/inces.gob.ve\/wp-content\/uploads\/2023\/02\/ofertas-formativa-Inces-3--e1675876929647.jpg 800w, https:\/\/inces.gob.ve\/wp-content\/uploads\/2023\/02\/ofertas-formativa-Inces-3--e1675876929647-300x169.jpg 300w, https:\/\/inces.gob.ve\/wp-content\/uploads\/2023\/02\/ofertas-formativa-Inces-3--e1675876929647-768x432.jpg 768w\" sizes=\"auto, (max-width: 800px) 100vw, 800px\" \/><\/p>\n<p style=\"text-align: justify;\"><span style=\"font-family: helvetica, arial, sans-serif; font-size: 14pt;\">El prop\u00f3sito del encuentro es incorporar a los adolescentes entre 14 y 17 a\u00f1os quienes tienen medidas socioeducativas impuestas por el Tribunal, por estar involucrados en alg\u00fan hecho irregular, a los programas formativos del Inces, y que puedan cumplir con las sanciones impuestas por el sistema judicial.<\/span><\/p>\n<p style=\"text-align: justify;\"><span style=\"font-family: helvetica, arial, sans-serif; font-size: 14pt;\">Travieso destac\u00f3 que el Inces trabaja de la mano con el sistema penitenciario a fin de aportar formaci\u00f3n y capacitaci\u00f3n a quienes por alguna raz\u00f3n han incurrido en hechos con consecuencias penales, en aras de ofrecerles herramientas que les permitan mejorar sus vidas, cumplir con los procesos sancionatorios y puedan reincorporarse a la vida social con un oficio u ocupaci\u00f3n productiva que les permita comenzar de nuevo.<\/span><\/p>\n<p><img loading=\"lazy\" decoding=\"async\" class=\"aligncenter wp-image-49223 size-full\" src=\"https:\/\/inces.gob.ve\/wp-content\/uploads\/2023\/02\/ofertas-formativa-Inces-1--e1675876951203.jpg\" alt=\"\" width=\"800\" height=\"600\" srcset=\"https:\/\/inces.gob.ve\/wp-content\/uploads\/2023\/02\/ofertas-formativa-Inces-1--e1675876951203.jpg 800w, https:\/\/inces.gob.ve\/wp-content\/uploads\/2023\/02\/ofertas-formativa-Inces-1--e1675876951203-300x225.jpg 300w, https:\/\/inces.gob.ve\/wp-content\/uploads\/2023\/02\/ofertas-formativa-Inces-1--e1675876951203-768x576.jpg 768w, https:\/\/inces.gob.ve\/wp-content\/uploads\/2023\/02\/ofertas-formativa-Inces-1--e1675876951203-136x102.jpg 136w\" sizes=\"auto, (max-width: 800px) 100vw, 800px\" \/><\/p>\n<p style=\"text-align: justify;\"><span style=\"font-family: helvetica, arial, sans-serif; font-size: 14pt;\">Por otro lado mencion\u00f3 que se dieron a conocer las nuevas modalidades de formaci\u00f3n a trav\u00e9s del Campus Virtual, as\u00ed como con el Sistema Hacer (Herramienta para el Aprendizaje Colectivo, el Estudio y el Reconocimiento).<\/span><\/p>\n<p style=\"text-align: justify;\"><span style=\"font-family: helvetica, arial, sans-serif; font-size: 14pt;\">Una vez culminada la presentaci\u00f3n de las formaciones, los adolescentes mostraron gran inter\u00e9s en las propuestas y fueron censados para iniciar el registro, una vez que se reciban las orientaciones de Inces Sede de cuando inicia el proceso de inscripci\u00f3n.<\/span><\/p>\n","protected":false},"excerpt":{"rendered":"<p>**La intenci\u00f3n es que puedan incorporarse a los programas de formaci\u00f3n y de esta manera cumplan con las medidas impuestas por el Tribunal<\/p>\n","protected":false},"author":15,"featured_media":49225,"comment_status":"closed","ping_status":"closed","sticky":false,"template":"","format":"standard","meta":{"footnotes":""},"categories":[2],"tags":[],"class_list":["post-49222","post","type-post","status-publish","format-standard","has-post-thumbnail","hentry","category-blog"],"_links":{"self":[{"href":"https:\/\/inces.gob.ve\/index.php\/wp-json\/wp\/v2\/posts\/49222","targetHints":{"allow":["GET"]}}],"collection":[{"href":"https:\/\/inces.gob.ve\/index.php\/wp-json\/wp\/v2\/posts"}],"about":[{"href":"https:\/\/inces.gob.ve\/index.php\/wp-json\/wp\/v2\/types\/post"}],"author":[{"embeddable":true,"href":"https:\/\/inces.gob.ve\/index.php\/wp-json\/wp\/v2\/users\/15"}],"replies":[{"embeddable":true,"href":"https:\/\/inces.gob.ve\/index.php\/wp-json\/wp\/v2\/comments?post=49222"}],"version-history":[{"count":2,"href":"https:\/\/inces.gob.ve\/index.php\/wp-json\/wp\/v2\/posts\/49222\/revisions"}],"predecessor-version":[{"id":49227,"href":"https:\/\/inces.gob.ve\/index.php\/wp-json\/wp\/v2\/posts\/49222\/revisions\/49227"}],"wp:featuredmedia":[{"embeddable":true,"href":"https:\/\/inces.gob.ve\/index.php\/wp-json\/wp\/v2\/media\/49225"}],"wp:attachment":[{"href":"https:\/\/inces.gob.ve\/index.php\/wp-json\/wp\/v2\/media?parent=49222"}],"wp:term":[{"taxonomy":"category","embeddable":true,"href":"https:\/\/inces.gob.ve\/index.php\/wp-json\/wp\/v2\/categories?post=49222"},{"taxonomy":"post_tag","embeddable":true,"href":"https:\/\/inces.gob.ve\/index.php\/wp-json\/wp\/v2\/tags?post=49222"}],"curies":[{"name":"wp","href":"https:\/\/api.w.org\/{rel}","templated":true}]}}