{"id":49231,"date":"2023-02-09T18:32:43","date_gmt":"2023-02-09T22:32:43","guid":{"rendered":"https:\/\/inces.gob.ve\/?p=49231"},"modified":"2023-02-09T18:32:43","modified_gmt":"2023-02-09T22:32:43","slug":"los-jovenes-del-barrio-ven-en-el-inces-una-plataforma-de-despegue-social","status":"publish","type":"post","link":"https:\/\/inces.gob.ve\/index.php\/2023\/02\/09\/los-jovenes-del-barrio-ven-en-el-inces-una-plataforma-de-despegue-social\/","title":{"rendered":"Los J\u00f3venes del Barrio ven en el Inces una plataforma de despegue social"},"content":{"rendered":"<p style=\"text-align: justify;\"><span style=\"font-family: helvetica, arial, sans-serif; font-size: 14pt;\"><em><strong>*** Firmaron un convenio que ya se hac\u00eda necesario. Es claro el prop\u00f3sito de alejar a esta adolescencia con menos oportunidades sociales del ocio, la violencia, los vicios y por el contrario, asociarlos con el nuevo pa\u00eds productivo<\/strong><\/em><!--more--><\/span><\/p>\n<p>&nbsp;<\/p>\n<p style=\"text-align: justify;\"><span style=\"font-family: helvetica, arial, sans-serif; font-size: 14pt;\">La emisi\u00f3n 232 del espacio radial y semanal del Instituto Nacional de Capacitaci\u00f3n y Educaci\u00f3n Socialista (Inces), \u201cSomos Inces\u201d, transcurri\u00f3 como un ameno di\u00e1logo direccionado a revisar y analizar la trayectoria y ejecuci\u00f3n de la Fundaci\u00f3n J\u00f3venes del Barrio en sus casi 10 a\u00f1os de funcionamiento, <strong>erigi\u00e9ndose como<\/strong><strong> luchadores sociales, militantes y motor de cambio para nuestras comunidades.<\/strong><\/span><\/p>\n<p>&nbsp;<\/p>\n<p style=\"text-align: justify;\"><span style=\"font-family: helvetica, arial, sans-serif; font-size: 14pt;\">Como invitados bien enterados acudieron su presidente Jos\u00e9 Luis Lugo Salazar y su gerente operativa Yinuindi Barrera, quienes enarbolaron con orgullo la <strong>presencia f\u00edsica en m\u00e1s de 500 barrios en los 24 estados de la naci\u00f3n.<\/strong><\/span><\/p>\n<p>&nbsp;<\/p>\n<p><span style=\"font-family: helvetica, arial, sans-serif; font-size: 14pt;\"><img loading=\"lazy\" decoding=\"async\" class=\"aligncenter wp-image-49235 size-large\" src=\"https:\/\/inces.gob.ve\/wp-content\/uploads\/2023\/02\/IMG-20230209-WA0005-1024x768.jpg\" alt=\"\" width=\"640\" height=\"480\" srcset=\"https:\/\/inces.gob.ve\/wp-content\/uploads\/2023\/02\/IMG-20230209-WA0005-1024x768.jpg 1024w, https:\/\/inces.gob.ve\/wp-content\/uploads\/2023\/02\/IMG-20230209-WA0005-300x225.jpg 300w, https:\/\/inces.gob.ve\/wp-content\/uploads\/2023\/02\/IMG-20230209-WA0005-768x576.jpg 768w, https:\/\/inces.gob.ve\/wp-content\/uploads\/2023\/02\/IMG-20230209-WA0005-136x102.jpg 136w, https:\/\/inces.gob.ve\/wp-content\/uploads\/2023\/02\/IMG-20230209-WA0005.jpg 1040w\" sizes=\"auto, (max-width: 640px) 100vw, 640px\" \/><\/span><\/p>\n<p>&nbsp;<\/p>\n<p style=\"text-align: justify;\"><span style=\"font-family: helvetica, arial, sans-serif; font-size: 14pt;\">Como prop\u00f3sito fundamental de la organizaci\u00f3n <strong>esgrimieron la necesaria construcci\u00f3n del Poder Popular de la Juventud para la edificaci\u00f3n del Estado Comunal<\/strong>, a trav\u00e9s del desarrollo actividades cautivantes en los barrios de Venezuela, que permitan vincular a la juventud con el desarrollo de su comunidad, localidad, de su familia o de s\u00ed mismos.<\/span><\/p>\n<p>&nbsp;<\/p>\n<p style=\"text-align: justify;\"><span style=\"font-family: helvetica, arial, sans-serif; font-size: 14pt;\">Lugo Salazar especific\u00f3 que la presencia en las comunidades se organiza con la instalaci\u00f3n de \u201cn\u00f3dulos\u201d que son los sectores en espec\u00edfico donde los j\u00f3venes hacen vida en interaccionan regularmente.<\/span><\/p>\n<p>&nbsp;<\/p>\n<p style=\"text-align: justify;\"><span style=\"font-family: helvetica, arial, sans-serif; font-size: 14pt;\">Una de las v\u00edas expuestas para alcanzar los objetivos calculados es la <strong>creaci\u00f3n de pol\u00edticas que necesariamente generen identificaci\u00f3n con la comunidad<\/strong>, lo cual aseguran conducir\u00e1 a la lenta, pero inexorable transformaci\u00f3n de Estado venezolano.<\/span><\/p>\n<p>&nbsp;<\/p>\n<p style=\"text-align: justify;\"><span style=\"font-family: helvetica, arial, sans-serif; font-size: 14pt;\">Barrera por su parte asever\u00f3 que <strong>cuentan con numerosos ejemplos de participantes que han logrado sobreponerse a la vulnerabilidad<\/strong>, luchado contra el ocio y <strong>hasta han enrumbado emprendimientos sustentables y logrado su integraci\u00f3n en el devenir social y pol\u00edtico del pa\u00eds.<\/strong><\/span><\/p>\n<p>&nbsp;<\/p>\n<p style=\"text-align: justify;\"><span style=\"font-family: helvetica, arial, sans-serif; font-size: 14pt;\">En s\u00edntesis, <strong>J\u00f3venes del Barrio no discrimina entre los j\u00f3venes prospectos<\/strong>, al contrario los abarca en sus m\u00e1s genuinos intereses. De all\u00ed que se han planteado actividades tan diversas como : m\u00fasica, arte, poes\u00eda, campamentos formativos, bailoterap\u00edas, muralismo, audiovisuales, redes sociales, serigraf\u00eda, cine, valores \u00e9tico-morales, deportes tradicionales, conformaci\u00f3n de Consejos del Poder Popular para la Juventud, n\u00facleos de formaci\u00f3n comunal, recuperaci\u00f3n de canchas deportivas y agricultura urbana, entre otros.<\/span><\/p>\n<p>&nbsp;<\/p>\n<p style=\"text-align: justify;\"><span style=\"font-family: helvetica, arial, sans-serif; font-size: 14pt;\"><strong>Todo en funci\u00f3n de generar desarrollo socioproductivo de la juventud, hacerlos sentirse \u00fatiles<\/strong> e integrarse con buen pie en la sociedad.<\/span><\/p>\n<p>&nbsp;<\/p>\n<p style=\"text-align: justify;\"><span style=\"font-family: helvetica, arial, sans-serif; font-size: 14pt;\">Se filtr\u00f3 que al d\u00eda de la firma del convenio Inces-JB, el presidente de la casa formativa <strong>Wuikelman \u00c1ngel convoc\u00f3 a la junta directiva de la fundaci\u00f3n a hacer contacto directo con los gerentes regionales del Inces, a fin de acordar cu\u00e1les de las 300 formaciones que ofrece la instituci\u00f3n<\/strong>, resulta pertinente para la juventud, de acuerdo a sus necesidades y ubicaci\u00f3n geogr\u00e1fica.<\/span><\/p>\n<p>&nbsp;<\/p>\n<p style=\"text-align: justify;\"><span style=\"font-family: helvetica, arial, sans-serif; font-size: 14pt;\">\u00c1ngel afirm\u00f3 \u201cel Inces ofrece la formaci\u00f3n t\u00e9cnica profesional a los miembros de las\u00a0 comunidades con la finalidad de dar herramientas para la construcci\u00f3n de un perfil productivo que los encamine al \u00e9xito personal y por ende, colectivo.<\/span><\/p>\n<p style=\"text-align: justify;\"><span style=\"font-family: helvetica, arial, sans-serif; font-size: 14pt;\"><strong>\u00a0<\/strong><\/span><\/p>\n","protected":false},"excerpt":{"rendered":"<p>*** Firmaron un convenio que ya se hac\u00eda necesario. Es claro el prop\u00f3sito de alejar a esta adolescencia con menos oportunidades sociales del ocio, la violencia, los vicios y por el contrario, asociarlos con el nuevo pa\u00eds productivo<\/p>\n","protected":false},"author":4,"featured_media":49234,"comment_status":"closed","ping_status":"closed","sticky":false,"template":"","format":"standard","meta":{"footnotes":""},"categories":[2],"tags":[],"class_list":["post-49231","post","type-post","status-publish","format-standard","has-post-thumbnail","hentry","category-blog"],"_links":{"self":[{"href":"https:\/\/inces.gob.ve\/index.php\/wp-json\/wp\/v2\/posts\/49231","targetHints":{"allow":["GET"]}}],"collection":[{"href":"https:\/\/inces.gob.ve\/index.php\/wp-json\/wp\/v2\/posts"}],"about":[{"href":"https:\/\/inces.gob.ve\/index.php\/wp-json\/wp\/v2\/types\/post"}],"author":[{"embeddable":true,"href":"https:\/\/inces.gob.ve\/index.php\/wp-json\/wp\/v2\/users\/4"}],"replies":[{"embeddable":true,"href":"https:\/\/inces.gob.ve\/index.php\/wp-json\/wp\/v2\/comments?post=49231"}],"version-history":[{"count":1,"href":"https:\/\/inces.gob.ve\/index.php\/wp-json\/wp\/v2\/posts\/49231\/revisions"}],"predecessor-version":[{"id":49236,"href":"https:\/\/inces.gob.ve\/index.php\/wp-json\/wp\/v2\/posts\/49231\/revisions\/49236"}],"wp:featuredmedia":[{"embeddable":true,"href":"https:\/\/inces.gob.ve\/index.php\/wp-json\/wp\/v2\/media\/49234"}],"wp:attachment":[{"href":"https:\/\/inces.gob.ve\/index.php\/wp-json\/wp\/v2\/media?parent=49231"}],"wp:term":[{"taxonomy":"category","embeddable":true,"href":"https:\/\/inces.gob.ve\/index.php\/wp-json\/wp\/v2\/categories?post=49231"},{"taxonomy":"post_tag","embeddable":true,"href":"https:\/\/inces.gob.ve\/index.php\/wp-json\/wp\/v2\/tags?post=49231"}],"curies":[{"name":"wp","href":"https:\/\/api.w.org\/{rel}","templated":true}]}}