{"id":49309,"date":"2023-02-15T10:55:04","date_gmt":"2023-02-15T14:55:04","guid":{"rendered":"https:\/\/inces.gob.ve\/?p=49309"},"modified":"2023-02-17T22:24:19","modified_gmt":"2023-02-18T02:24:19","slug":"aragua-taller-creacion-de-munecas-de-trapo-avivo-la-creatividad-desde-el-cfs-inces-textil","status":"publish","type":"post","link":"https:\/\/inces.gob.ve\/index.php\/2023\/02\/15\/aragua-taller-creacion-de-munecas-de-trapo-avivo-la-creatividad-desde-el-cfs-inces-textil\/","title":{"rendered":"ARAGUA | Taller Creaci\u00f3n de Mu\u00f1ecas de Trapo aviv\u00f3 la creatividad desde el CFS Inces Textil"},"content":{"rendered":"<div dir=\"auto\">\n<div dir=\"auto\"><\/div>\n<div dir=\"auto\" style=\"text-align: justify;\"><em><strong><span style=\"font-family: helvetica, arial, sans-serif; font-size: 14pt;\">** Las mu\u00f1ecas son parte del patrimonio imaginado de los pueblos del mundo y muy especialmente del pueblo venezolano<\/span><\/strong><\/em><\/div>\n<div dir=\"auto\" style=\"text-align: justify;\"><\/div>\n<\/div>\n<p><span style=\"font-family: helvetica, arial, sans-serif;\"><!--more--><\/span><\/p>\n<div dir=\"auto\"><\/div>\n<div dir=\"auto\">\n<div dir=\"auto\" style=\"text-align: justify;\"><strong><span style=\"font-family: helvetica, arial, sans-serif; font-size: 14pt;\">NINOSKA PATRIZ<\/span><\/strong><\/div>\n<div dir=\"auto\" style=\"text-align: justify;\"><\/div>\n<div dir=\"auto\" style=\"text-align: justify;\"><span style=\"font-family: helvetica, arial, sans-serif; font-size: 14pt;\">En el estado Aragua se realiz\u00f3 un taller de creaci\u00f3n de mu\u00f1ecas, que cont\u00f3 con la presencia de la artesana Alicia de La Rosa. En esta ocasi\u00f3n el Inces Textil, ubicado en La Urb La Candelaria, sirvi\u00f3 de escenario para esta actividad cultural. \u201cLa creaci\u00f3n de mu\u00f1ecas de trapo es un oficio destinado a mimar no solo a las m\u00e0s peque\u00f1as de la casa, sino tambi\u00e9n para adornar los hogares y contar historias por medio de sus personajes. Es un honor formar parte de esta tradici\u00f3n\u201d, coment\u00f3 de La Rosa.<\/span><\/div>\n<div dir=\"auto\"><\/div>\n<div dir=\"auto\" style=\"text-align: justify;\"><\/div>\n<div dir=\"auto\" style=\"text-align: justify;\"><span style=\"font-family: helvetica, arial, sans-serif; font-size: 14pt;\">\u00abHoy d\u00eda se cuenta con innumerables exposiciones virtuales, presenciales, maratones, clases online y homenajes, a nivel mundial, sobre la mu\u00f1equer\u00eda. Sobre todo desde estos \u00faltimos dos a\u00f1os hemos estado a la cabeza de la escena cultural, debido a la pandemia. En estas actividades, hemos visto renacer este arte de las manos de otros artesanos y artesanas, con la representaci\u00f3n de personajes de la vida cotidiana, hist\u00f3rica y hasta fabulados\u201d, agreg\u00f3 la artesana Alicia de la Rosa.<\/span><\/div>\n<div dir=\"auto\"><\/div>\n<div dir=\"auto\" style=\"text-align: justify;\"><\/div>\n<div dir=\"auto\" style=\"text-align: justify;\"><\/div>\n<div dir=\"auto\" style=\"text-align: justify;\"><span style=\"font-family: helvetica, arial, sans-serif; font-size: 14pt;\">Durante la actividad nos coment\u00f3 que los primeros ejemplos de mu\u00f1ecas registrados proceden de la antig\u00fcedad, encontr\u00e1ndose mu\u00f1ecas hechas de papiro, lino y marfil en lugares como Egipto, Roma y Grecia. De la misma manera nos inform\u00f3 que las primeras mu\u00f1ecas de madera se fabricaron en Inglaterra a finales del Siglo XVII. \u00abEn su mayor\u00eda eran mu\u00f1ecas, en femenino, pero hoy d\u00eda tambi\u00e9n se fabrican mu\u00f1ecos, con el mismo molde cambiando \u00fanicamente el pelo y la ropa\u00bb, dijo.<\/span><\/div>\n<\/div>\n<p>&nbsp;<\/p>\n<p>&nbsp;<\/p>\n","protected":false},"excerpt":{"rendered":"<p>** Las mu\u00f1ecas son parte del patrimonio imaginado de los pueblos del mundo y muy especialmente del pueblo venezolano<\/p>\n","protected":false},"author":15,"featured_media":49359,"comment_status":"closed","ping_status":"closed","sticky":false,"template":"","format":"standard","meta":{"footnotes":""},"categories":[2],"tags":[],"class_list":["post-49309","post","type-post","status-publish","format-standard","has-post-thumbnail","hentry","category-blog"],"_links":{"self":[{"href":"https:\/\/inces.gob.ve\/index.php\/wp-json\/wp\/v2\/posts\/49309","targetHints":{"allow":["GET"]}}],"collection":[{"href":"https:\/\/inces.gob.ve\/index.php\/wp-json\/wp\/v2\/posts"}],"about":[{"href":"https:\/\/inces.gob.ve\/index.php\/wp-json\/wp\/v2\/types\/post"}],"author":[{"embeddable":true,"href":"https:\/\/inces.gob.ve\/index.php\/wp-json\/wp\/v2\/users\/15"}],"replies":[{"embeddable":true,"href":"https:\/\/inces.gob.ve\/index.php\/wp-json\/wp\/v2\/comments?post=49309"}],"version-history":[{"count":3,"href":"https:\/\/inces.gob.ve\/index.php\/wp-json\/wp\/v2\/posts\/49309\/revisions"}],"predecessor-version":[{"id":49360,"href":"https:\/\/inces.gob.ve\/index.php\/wp-json\/wp\/v2\/posts\/49309\/revisions\/49360"}],"wp:featuredmedia":[{"embeddable":true,"href":"https:\/\/inces.gob.ve\/index.php\/wp-json\/wp\/v2\/media\/49359"}],"wp:attachment":[{"href":"https:\/\/inces.gob.ve\/index.php\/wp-json\/wp\/v2\/media?parent=49309"}],"wp:term":[{"taxonomy":"category","embeddable":true,"href":"https:\/\/inces.gob.ve\/index.php\/wp-json\/wp\/v2\/categories?post=49309"},{"taxonomy":"post_tag","embeddable":true,"href":"https:\/\/inces.gob.ve\/index.php\/wp-json\/wp\/v2\/tags?post=49309"}],"curies":[{"name":"wp","href":"https:\/\/api.w.org\/{rel}","templated":true}]}}