{"id":49366,"date":"2023-02-22T00:01:32","date_gmt":"2023-02-22T04:01:32","guid":{"rendered":"https:\/\/inces.gob.ve\/?p=49366"},"modified":"2023-02-21T22:16:16","modified_gmt":"2023-02-22T02:16:16","slug":"cafe-galeria-wadaka-estuvo-a-casa-llena-con-la-inauguracion-de-la-exposicion-la-trama-de-la-vida","status":"publish","type":"post","link":"https:\/\/inces.gob.ve\/index.php\/2023\/02\/22\/cafe-galeria-wadaka-estuvo-a-casa-llena-con-la-inauguracion-de-la-exposicion-la-trama-de-la-vida\/","title":{"rendered":"Caf\u00e9 Galer\u00eda Wad\u00e4ka estuvo a casa llena con la inauguraci\u00f3n de la exposici\u00f3n \u201cLa trama de la vida\u201d"},"content":{"rendered":"<p style=\"text-align: justify;\"><strong><em><span style=\"font-family: helvetica, arial, sans-serif; font-size: 14pt;\">** Un nuevo artista expone sus obras en los espacios culturales del Inces\u00a0<\/span><\/em><\/strong><!--more--><\/p>\n<p style=\"text-align: justify;\">\n<p style=\"text-align: justify;\"><strong><span style=\"font-family: helvetica, arial, sans-serif; font-size: 14pt;\">PRENSA INCES<\/span><\/strong><\/p>\n<p style=\"text-align: justify;\"><span style=\"font-family: helvetica, arial, sans-serif; font-size: 14pt;\"><strong>Rafael.Urbina\u00a0\u00a0\u00a0\u00a0\u00a0\u00a0\u00a0\u00a0\u00a0\u00a0\u00a0\u00a0\u00a0\u00a0\u00a0\u00a0\u00a0\u00a0\u00a0\u00a0\u00a0\u00a0\u00a0\u00a0\u00a0\u00a0\u00a0\u00a0\u00a0<\/strong>\u00a0\u00a0\u00a0\u00a0\u00a0\u00a0\u00a0\u00a0\u00a0\u00a0\u00a0\u00a0\u00a0\u00a0\u00a0\u00a0\u00a0\u00a0\u00a0\u00a0\u00a0\u00a0\u00a0\u00a0\u00a0\u00a0\u00a0\u00a0\u00a0\u00a0\u00a0\u00a0\u00a0\u00a0\u00a0\u00a0\u00a0\u00a0\u00a0\u00a0\u00a0\u00a0\u00a0\u00a0\u00a0\u00a0\u00a0\u00a0\u00a0\u00a0\u00a0\u00a0\u00a0\u00a0\u00a0\u00a0\u00a0\u00a0\u00a0\u00a0\u00a0\u00a0\u00a0\u00a0\u00a0\u00a0\u00a0\u00a0\u00a0\u00a0\u00a0\u00a0\u00a0\u00a0\u00a0\u00a0\u00a0\u00a0\u00a0\u00a0\u00a0\u00a0\u00a0\u00a0\u00a0\u00a0\u00a0\u00a0\u00a0\u00a0\u00a0\u00a0\u00a0\u00a0\u00a0\u00a0\u00a0\u00a0\u00a0\u00a0\u00a0\u00a0\u00a0\u00a0\u00a0\u00a0\u00a0\u00a0\u00a0<\/span><\/p>\n<p style=\"text-align: justify;\"><span style=\"font-family: helvetica, arial, sans-serif; font-size: 14pt;\">En una alianza entre el Ministerio de Educaci\u00f3n y la Gerencia General de Cultura, Deporte, Recreaci\u00f3n y Participaci\u00f3n Comunal se llev\u00f3 a cabo la inauguraci\u00f3n de\u00a0 la exposici\u00f3n \u201cLa trama de la vida\u201d.\u00a0<\/span><\/p>\n<p>&nbsp;<\/p>\n<p style=\"text-align: justify;\"><span style=\"font-family: helvetica, arial, sans-serif; font-size: 14pt;\">La actividad se realiz\u00f3 este 16 de febrero, en el recinto Caf\u00e9 Galer\u00eda Wad\u00e4ka, ubicado en el edificio Inces Sede de la Av. Nueva Granada, a las 10 a.m., momento propicio para saludar y dar la bienvenida a la poblaci\u00f3n Inces y a las comunidades de distintas parroquias del punto y c\u00edrculo e invitados especiales.<\/span><\/p>\n<p>&nbsp;<\/p>\n<p><img loading=\"lazy\" decoding=\"async\" class=\"aligncenter wp-image-49367 size-large\" src=\"https:\/\/inces.gob.ve\/wp-content\/uploads\/2023\/02\/DSC_9487-1024x685.jpg\" alt=\"\" width=\"640\" height=\"428\" srcset=\"https:\/\/inces.gob.ve\/wp-content\/uploads\/2023\/02\/DSC_9487-1024x685.jpg 1024w, https:\/\/inces.gob.ve\/wp-content\/uploads\/2023\/02\/DSC_9487-300x201.jpg 300w, https:\/\/inces.gob.ve\/wp-content\/uploads\/2023\/02\/DSC_9487-768x514.jpg 768w, https:\/\/inces.gob.ve\/wp-content\/uploads\/2023\/02\/DSC_9487-272x182.jpg 272w, https:\/\/inces.gob.ve\/wp-content\/uploads\/2023\/02\/DSC_9487.jpg 1500w\" sizes=\"auto, (max-width: 640px) 100vw, 640px\" \/><\/p>\n<p>&nbsp;<\/p>\n<p style=\"text-align: justify;\"><span style=\"font-family: helvetica, arial, sans-serif; font-size: 14pt;\">En total son 16 obras las que conforman la exposici\u00f3n del artista pl\u00e1stico Endry Molina, oriundo de Caracas. Estudi\u00f3 en la Escuela de Artes Pl\u00e1sticas Crist\u00f3bal Rojas, luego ingres\u00f3 al Instituto de Artes Pl\u00e1sticas Armando Rever\u00f3n, menci\u00f3n pintura. Haciendo un recorrido sobre la composici\u00f3n infinita de sus obras tridimensionales expres\u00f3: \u201cRealizo mis obras y en minutos puede cambiar el color, la forma o la textura\u201d.\u00a0<\/span><\/p>\n<p>&nbsp;<\/p>\n<p style=\"text-align: justify;\"><span style=\"font-family: helvetica, arial, sans-serif; font-size: 14pt;\">Afirm\u00f3 que cuando el espectador adquiere una obra se le invita de alguna manera a participar en la creaci\u00f3n y composici\u00f3n, a intercambiar colores, all\u00ed existe una comunicaci\u00f3n entre el coautor y la obra, hay un surrealismo y un impresionismo.\u00a0 Muchas corrientes en la pintura del siglo XXI se han llamado interaccionismo.<\/span><\/p>\n<p>&nbsp;<\/p>\n<p style=\"text-align: justify;\"><span style=\"font-family: helvetica, arial, sans-serif; font-size: 14pt;\">El artista explic\u00f3: \u201cEs una de las tendencias m\u00e1s llamativas en el extenso mundo del arte que engloba la aplicaci\u00f3n de pigmentos o colores, tienen la peculiaridad de crear una sensaci\u00f3n \u00f3ptica\u201d.<\/span><\/p>\n<p>&nbsp;<\/p>\n<p style=\"text-align: justify;\"><span style=\"font-family: helvetica, arial, sans-serif; font-size: 14pt;\">Endry\u00a0 Molina\u00a0 aprovech\u00f3 el momento para deleitar con el poema de su autor\u00eda La trama de la vida a los presentes. A continuaci\u00f3n un extracto del poema:\u00a0\u00a0<\/span><\/p>\n<p style=\"text-align: justify;\">\n<p><em><span style=\"font-weight: 400;\">La vida es todo un tejido\u00a0<\/span><\/em><\/p>\n<p><em><span style=\"font-weight: 400;\"> que debemos tejer <\/span><\/em><\/p>\n<p><em><span style=\"font-weight: 400;\">desde el principio de los tejidos<\/span><\/em><\/p>\n<p><em><span style=\"font-weight: 400;\"> poco a poco comprender.<\/span><\/em><\/p>\n<p>&nbsp;<\/p>\n<p><em><span style=\"font-weight: 400;\">Que todo es una trama\u00a0<\/span><\/em><\/p>\n<p><em><span style=\"font-weight: 400;\"> un sin fin de acciones\u00a0<\/span><\/em><\/p>\n<p><em><span style=\"font-weight: 400;\"> desde que nos levantamos\u00a0 de la cama\u00a0<\/span><\/em><\/p>\n<p><em><span style=\"font-weight: 400;\"> con diferentes situaciones.<\/span><\/em><\/p>\n<p><em><span style=\"font-weight: 400;\">\u00a0 \u00a0 \u00a0 \u00a0 \u00a0 \u00a0 \u00a0 \u00a0 \u00a0 \u00a0 \u00a0 \u00a0 \u00a0 \u00a0 \u00a0<\/span><\/em><\/p>\n<p><em><span style=\"font-weight: 400;\">Acciones para tejer<\/span><\/em><\/p>\n<p><em><span style=\"font-weight: 400;\"> infinitas variedades\u00a0<\/span><\/em><\/p>\n<p><em><span style=\"font-weight: 400;\"> y tratar de comprender\u00a0<\/span><\/em><\/p>\n<p><em><span style=\"font-weight: 400;\"> otras realidades.<\/span><\/em><\/p>\n","protected":false},"excerpt":{"rendered":"<p>** Un nuevo artista expone sus obras en los espacios culturales del Inces\u00a0<\/p>\n","protected":false},"author":4,"featured_media":49368,"comment_status":"closed","ping_status":"closed","sticky":false,"template":"","format":"standard","meta":{"footnotes":""},"categories":[2],"tags":[],"class_list":["post-49366","post","type-post","status-publish","format-standard","has-post-thumbnail","hentry","category-blog"],"_links":{"self":[{"href":"https:\/\/inces.gob.ve\/index.php\/wp-json\/wp\/v2\/posts\/49366","targetHints":{"allow":["GET"]}}],"collection":[{"href":"https:\/\/inces.gob.ve\/index.php\/wp-json\/wp\/v2\/posts"}],"about":[{"href":"https:\/\/inces.gob.ve\/index.php\/wp-json\/wp\/v2\/types\/post"}],"author":[{"embeddable":true,"href":"https:\/\/inces.gob.ve\/index.php\/wp-json\/wp\/v2\/users\/4"}],"replies":[{"embeddable":true,"href":"https:\/\/inces.gob.ve\/index.php\/wp-json\/wp\/v2\/comments?post=49366"}],"version-history":[{"count":1,"href":"https:\/\/inces.gob.ve\/index.php\/wp-json\/wp\/v2\/posts\/49366\/revisions"}],"predecessor-version":[{"id":49369,"href":"https:\/\/inces.gob.ve\/index.php\/wp-json\/wp\/v2\/posts\/49366\/revisions\/49369"}],"wp:featuredmedia":[{"embeddable":true,"href":"https:\/\/inces.gob.ve\/index.php\/wp-json\/wp\/v2\/media\/49368"}],"wp:attachment":[{"href":"https:\/\/inces.gob.ve\/index.php\/wp-json\/wp\/v2\/media?parent=49366"}],"wp:term":[{"taxonomy":"category","embeddable":true,"href":"https:\/\/inces.gob.ve\/index.php\/wp-json\/wp\/v2\/categories?post=49366"},{"taxonomy":"post_tag","embeddable":true,"href":"https:\/\/inces.gob.ve\/index.php\/wp-json\/wp\/v2\/tags?post=49366"}],"curies":[{"name":"wp","href":"https:\/\/api.w.org\/{rel}","templated":true}]}}