{"id":49370,"date":"2023-02-03T22:20:16","date_gmt":"2023-02-04T02:20:16","guid":{"rendered":"https:\/\/inces.gob.ve\/?p=49370"},"modified":"2023-02-21T22:22:26","modified_gmt":"2023-02-22T02:22:26","slug":"convenio-inces-unesr-ha-comenzado-a-dar-frutos","status":"publish","type":"post","link":"https:\/\/inces.gob.ve\/index.php\/2023\/02\/03\/convenio-inces-unesr-ha-comenzado-a-dar-frutos\/","title":{"rendered":"Convenio Inces-Unesr ha comenzado a dar frutos"},"content":{"rendered":"<p style=\"text-align: justify;\"><em><span style=\"font-size: 14pt; font-family: helvetica, arial, sans-serif;\"><strong>*** Son cientos de participantes reconocidos por la universidad una vez que demuestran sus destrezas y habilidades basadas en la experiencia. En el caso del CFS de Caricuao la oportunidad de profesionalizarse ha sido bien utilizada\u2026<\/strong><\/span><\/em><\/p>\n<p style=\"text-align: justify;\"><!--more--><\/p>\n<p>&nbsp;<\/p>\n<p><strong>IVALDO RODR\u00cdGUEZ<\/strong><\/p>\n<p style=\"text-align: justify;\"><span style=\"font-size: 14pt; font-family: helvetica, arial, sans-serif;\">Como una simbiosis nutritiva que genera\u00a0<strong>un trabajo revolucionario y humanista<\/strong>\u00a0calific\u00f3 la Jefa del Centro de Formaci\u00f3n Socialista Inces de Caricuao, Karine Mart\u00ednez el convenio suscrito hace un lustro entre el Instituto Nacional de Capacitaci\u00f3n y Educaci\u00f3n Socialista (Inces) y la Universidad Nacional Experimental Sim\u00f3n Rodr\u00edguez (Unesr).<\/span><\/p>\n<p style=\"text-align: justify;\">\n<p style=\"text-align: justify;\"><span style=\"font-size: 14pt; font-family: helvetica, arial, sans-serif;\">En contexto,\u00a0se trata de un acuerdo interinstitucional dirigido principalmente a los maestros t\u00e9cnicos productivos (MTP), a los promotores t\u00e9cnicos productivos (PTP), as\u00ed como al personal del Inces de todo el pa\u00eds,\u00a0<strong>para abrir oportunidades de hacerse de una carrera universitaria y profesional<\/strong>, una vez superadas las exigencias pedag\u00f3gicas necesarias y demostrados los conocimientos suficientes\u00a0 del \u00e1rea espec\u00edfica que se pretende.<\/span><\/p>\n<p style=\"text-align: justify;\">\n<p style=\"text-align: justify;\"><span style=\"font-size: 14pt; font-family: helvetica, arial, sans-serif;\">En otras palabras,\u00a0<strong>la casa universitaria avala al personal que pueda presentar un portafolio de evidencias que observe saberes, conocimientos, investigaciones, experiencias, formaci\u00f3n y auto formaci\u00f3n<\/strong>, todo lo cual, aderezado con herramientas pedag\u00f3gicas y organizaci\u00f3n docente universitaria, conforman el perfil de un profesional de la educaci\u00f3n capaz de incursionar en todos los terrenos de la capacitaci\u00f3n.<\/span><\/p>\n<p style=\"text-align: justify;\">\n<p style=\"text-align: justify;\"><span style=\"font-size: 14pt; font-family: helvetica, arial, sans-serif;\">Este fue el interesante tema conversado de 9 a 10 de la ma\u00f1ana de este jueves 2 de febrero en el programa radial \u201cSomos Inces\u201d producido, como de costumbre, por el equipo comunicacional del instituto formador, y difundido nacionalmente por lo hilos de Radio Miraflores, \u201cla voz de la verdad\u201d, notando que en esta ocasi\u00f3n se trat\u00f3 de la emisi\u00f3n 231, sin interrupciones; demostrando seriedad, compromiso y responsabilidad.<\/span><\/p>\n<p style=\"text-align: justify;\">\n<p style=\"text-align: justify;\"><span style=\"font-size: 14pt; font-family: helvetica, arial, sans-serif;\">En una mirada m\u00e1s incisiva, la invitada Karine Mart\u00ednez estuvo exponiendo\u00a0<strong>exitosas experiencias dentro del personal del centro en Caricuao<\/strong>, en \u00e1reas como Industria, Electricidad, Mec\u00e1nica, Administraci\u00f3n y hasta Seguridad.<\/span><\/p>\n<p style=\"text-align: justify;\">\n<p style=\"text-align: justify;\"><span style=\"font-size: 14pt; font-family: helvetica, arial, sans-serif;\">Sin embargo hizo \u00e9nfasis en las denominadas\u00a0<strong>comunidades de aprendizaje<\/strong>\u00a0como la efectiva alternativa de estudios donde la educaci\u00f3n no est\u00e1 limitada a ense\u00f1ar conceptos que deben ser memorizados m\u00e1s que aprendidos.<\/span><\/p>\n<p style=\"text-align: justify;\">\n<p style=\"text-align: justify;\"><span style=\"font-size: 14pt; font-family: helvetica, arial, sans-serif;\">Al contrario, Mart\u00ednez las defini\u00f3 como una opci\u00f3n de continuar la escolaridad, asumi\u00e9ndolas como un conjunto de\u00a0<strong>personas que intercambian conocimientos, saberes y experiencias<\/strong>. En fin, como herramienta metodol\u00f3gica que utiliza el contexto del marco l\u00f3gico y destaca el logro de\u00a0<strong>la socializaci\u00f3n del conocimiento a favor de la formaci\u00f3n de los miembros<\/strong>\u00a0de la referida comunidad.<\/span><\/p>\n<p style=\"text-align: justify;\">\n<p style=\"text-align: justify;\"><span style=\"font-size: 14pt; font-family: helvetica, arial, sans-serif;\">Para todos estos efectos la Unesr conform\u00f3 el denominado\u00a0<strong>Centro de Experiencia para el Aprendizaje Permanente (CEPAP)<\/strong>, a trav\u00e9s del cual se sistematizan los m\u00e9todos de evaluaci\u00f3n y aprobaci\u00f3n de los aspirantes.<\/span><\/p>\n<p style=\"text-align: justify;\">\n<p style=\"text-align: justify;\"><span style=\"font-size: 14pt; font-family: helvetica, arial, sans-serif;\">Hoy por hoy, la realidad nos dice que\u00a0<strong>en todo el pa\u00eds se est\u00e1n llevando a cabo regularmente ceremonias de certificaci\u00f3n profesional<\/strong>\u00a0donde, a no dudarlo, los favorecidos son los participantes y por sobre todo, la educaci\u00f3n en el pa\u00eds.<\/span><\/p>\n<p style=\"font-weight: 400; text-align: justify;\">\n<p style=\"font-weight: 400; text-align: justify;\"><span style=\"font-size: 14pt; font-family: helvetica, arial, sans-serif;\">I.R.<\/span><\/p>\n<p style=\"font-weight: 400; text-align: justify;\">\n<p style=\"font-weight: 400; text-align: justify;\">\n<p style=\"font-weight: 400; text-align: justify;\">\n<p style=\"font-weight: 400; text-align: justify;\">\n<p style=\"font-weight: 400; text-align: justify;\">\n<p style=\"font-weight: 400; text-align: justify;\">\n<p style=\"font-weight: 400; text-align: justify;\">\n","protected":false},"excerpt":{"rendered":"<p>*** Son cientos de participantes reconocidos por la universidad una vez que demuestran sus destrezas y habilidades basadas en la experiencia. En el caso del CFS de Caricuao la oportunidad de profesionalizarse ha sido bien utilizada\u2026<\/p>\n","protected":false},"author":4,"featured_media":42036,"comment_status":"closed","ping_status":"closed","sticky":false,"template":"","format":"standard","meta":{"footnotes":""},"categories":[2],"tags":[],"class_list":["post-49370","post","type-post","status-publish","format-standard","has-post-thumbnail","hentry","category-blog"],"_links":{"self":[{"href":"https:\/\/inces.gob.ve\/index.php\/wp-json\/wp\/v2\/posts\/49370","targetHints":{"allow":["GET"]}}],"collection":[{"href":"https:\/\/inces.gob.ve\/index.php\/wp-json\/wp\/v2\/posts"}],"about":[{"href":"https:\/\/inces.gob.ve\/index.php\/wp-json\/wp\/v2\/types\/post"}],"author":[{"embeddable":true,"href":"https:\/\/inces.gob.ve\/index.php\/wp-json\/wp\/v2\/users\/4"}],"replies":[{"embeddable":true,"href":"https:\/\/inces.gob.ve\/index.php\/wp-json\/wp\/v2\/comments?post=49370"}],"version-history":[{"count":1,"href":"https:\/\/inces.gob.ve\/index.php\/wp-json\/wp\/v2\/posts\/49370\/revisions"}],"predecessor-version":[{"id":49371,"href":"https:\/\/inces.gob.ve\/index.php\/wp-json\/wp\/v2\/posts\/49370\/revisions\/49371"}],"wp:featuredmedia":[{"embeddable":true,"href":"https:\/\/inces.gob.ve\/index.php\/wp-json\/wp\/v2\/media\/42036"}],"wp:attachment":[{"href":"https:\/\/inces.gob.ve\/index.php\/wp-json\/wp\/v2\/media?parent=49370"}],"wp:term":[{"taxonomy":"category","embeddable":true,"href":"https:\/\/inces.gob.ve\/index.php\/wp-json\/wp\/v2\/categories?post=49370"},{"taxonomy":"post_tag","embeddable":true,"href":"https:\/\/inces.gob.ve\/index.php\/wp-json\/wp\/v2\/tags?post=49370"}],"curies":[{"name":"wp","href":"https:\/\/api.w.org\/{rel}","templated":true}]}}