{"id":49415,"date":"2023-02-23T14:17:09","date_gmt":"2023-02-23T18:17:09","guid":{"rendered":"https:\/\/inces.gob.ve\/?p=49415"},"modified":"2023-02-23T14:19:39","modified_gmt":"2023-02-23T18:19:39","slug":"amazonas-inces-reactiva-su-taller-textil","status":"publish","type":"post","link":"https:\/\/inces.gob.ve\/index.php\/2023\/02\/23\/amazonas-inces-reactiva-su-taller-textil\/","title":{"rendered":"AMAZONAS | Inces reactiva su taller textil"},"content":{"rendered":"<div dir=\"auto\" style=\"text-align: justify;\"><em><strong><span style=\"font-family: helvetica, arial, sans-serif; font-size: 14pt;\">** Las formaciones del \u00e1rea textil son de una de las de mayor demanda por ser una gran oportunidad para la juventud Amazonense<\/span><\/strong><\/em><\/div>\n<p><!--more--><\/p>\n<p>&nbsp;<\/p>\n<div dir=\"auto\" style=\"text-align: justify;\"><\/div>\n<div dir=\"auto\" style=\"text-align: justify;\"><span style=\"font-family: helvetica, arial, sans-serif; font-size: 14pt;\">El Taller de Confecci\u00f3n alista los motores para dar inicio a las formaciones en el \u00e1rea textil, siendo esta una de las formaciones con mayor demanda para nuestra instituci\u00f3n, actualmente el taller cuenta con 13 m\u00e1quinas de coser, donde han sido formados diversos contingentes de personas que han sabido desarrollar sus habilidades y crear emprendimientos con esta loable actividad.<img loading=\"lazy\" decoding=\"async\" class=\"aligncenter wp-image-49419 size-full\" src=\"https:\/\/inces.gob.ve\/wp-content\/uploads\/2023\/02\/IMG-20230213-WA0005-e1677176079867.jpg\" alt=\"\" width=\"800\" height=\"450\" srcset=\"https:\/\/inces.gob.ve\/wp-content\/uploads\/2023\/02\/IMG-20230213-WA0005-e1677176079867.jpg 800w, https:\/\/inces.gob.ve\/wp-content\/uploads\/2023\/02\/IMG-20230213-WA0005-e1677176079867-300x169.jpg 300w, https:\/\/inces.gob.ve\/wp-content\/uploads\/2023\/02\/IMG-20230213-WA0005-e1677176079867-768x432.jpg 768w\" sizes=\"auto, (max-width: 800px) 100vw, 800px\" \/><\/span><\/div>\n<div dir=\"auto\"><\/div>\n<div dir=\"auto\" style=\"text-align: justify;\"><\/div>\n<div dir=\"auto\" style=\"text-align: justify;\"><span style=\"font-family: helvetica, arial, sans-serif; font-size: 14pt;\">\u00a0El \u00e1rea dispone de una amplia oportunidad para aquellos participantes j\u00f3venes que desean formarse desde el nivel m\u00e1s b\u00e1sico hasta llegar a ser excelentes confeccionistas.<\/span><\/div>\n<div dir=\"auto\"><\/div>\n<div dir=\"auto\" style=\"text-align: justify;\"><\/div>\n<div dir=\"auto\" style=\"text-align: justify;\"><span style=\"font-family: helvetica, arial, sans-serif; font-size: 14pt;\">Durante el proceso se aprendizaje se cursan diversas formaciones, entre las cuales se encuentran: elaboraci\u00f3n de pantys, interiores, b\u00f3xers, cacheteros, sostenes de todas las tallas, adem\u00e1s de confecci\u00f3n de camisas para damas y caballeros, uniformes y muchos m\u00e1s.<\/span><\/div>\n<div dir=\"auto\"><img loading=\"lazy\" decoding=\"async\" class=\"aligncenter wp-image-49417\" src=\"https:\/\/inces.gob.ve\/wp-content\/uploads\/2023\/02\/IMG-20230213-WA0003-768x1024.jpg\" alt=\"\" width=\"500\" height=\"667\" srcset=\"https:\/\/inces.gob.ve\/wp-content\/uploads\/2023\/02\/IMG-20230213-WA0003-768x1024.jpg 768w, https:\/\/inces.gob.ve\/wp-content\/uploads\/2023\/02\/IMG-20230213-WA0003-225x300.jpg 225w, https:\/\/inces.gob.ve\/wp-content\/uploads\/2023\/02\/IMG-20230213-WA0003.jpg 780w\" sizes=\"auto, (max-width: 500px) 100vw, 500px\" \/><\/div>\n<div dir=\"auto\" style=\"text-align: justify;\"><\/div>\n<div dir=\"auto\" style=\"text-align: justify;\"><span style=\"font-family: helvetica, arial, sans-serif; font-size: 14pt;\">La formaci\u00f3n en el \u00e1rea textil es de suma importancia para la reactivaci\u00f3n del aparato productivo industrial del pa\u00eds desde el punto de vista productivo, es impulsado hacia un aprendizaje de Formaci\u00f3n T\u00e9cnica Profesional, por cuanto se le hace un llamado a los j\u00f3venes para su incorporaci\u00f3n a las futuras formaciones que en el Inces no conlleva costo alguno y es de mucha calidad.<\/span><\/div>\n<div dir=\"auto\" style=\"text-align: justify;\"><\/div>\n<div dir=\"auto\" style=\"text-align: justify;\"><span style=\"font-family: helvetica, arial, sans-serif; font-size: 14pt;\">De esta manera el Inces sigue formando generaciones.<\/span><\/div>\n","protected":false},"excerpt":{"rendered":"<p>** Las formaciones del \u00e1rea textil son de una de las de mayor demanda por ser una gran oportunidad para la juventud Amazonense<\/p>\n","protected":false},"author":15,"featured_media":49418,"comment_status":"closed","ping_status":"closed","sticky":false,"template":"","format":"standard","meta":{"footnotes":""},"categories":[2],"tags":[],"class_list":["post-49415","post","type-post","status-publish","format-standard","has-post-thumbnail","hentry","category-blog"],"_links":{"self":[{"href":"https:\/\/inces.gob.ve\/index.php\/wp-json\/wp\/v2\/posts\/49415","targetHints":{"allow":["GET"]}}],"collection":[{"href":"https:\/\/inces.gob.ve\/index.php\/wp-json\/wp\/v2\/posts"}],"about":[{"href":"https:\/\/inces.gob.ve\/index.php\/wp-json\/wp\/v2\/types\/post"}],"author":[{"embeddable":true,"href":"https:\/\/inces.gob.ve\/index.php\/wp-json\/wp\/v2\/users\/15"}],"replies":[{"embeddable":true,"href":"https:\/\/inces.gob.ve\/index.php\/wp-json\/wp\/v2\/comments?post=49415"}],"version-history":[{"count":4,"href":"https:\/\/inces.gob.ve\/index.php\/wp-json\/wp\/v2\/posts\/49415\/revisions"}],"predecessor-version":[{"id":49423,"href":"https:\/\/inces.gob.ve\/index.php\/wp-json\/wp\/v2\/posts\/49415\/revisions\/49423"}],"wp:featuredmedia":[{"embeddable":true,"href":"https:\/\/inces.gob.ve\/index.php\/wp-json\/wp\/v2\/media\/49418"}],"wp:attachment":[{"href":"https:\/\/inces.gob.ve\/index.php\/wp-json\/wp\/v2\/media?parent=49415"}],"wp:term":[{"taxonomy":"category","embeddable":true,"href":"https:\/\/inces.gob.ve\/index.php\/wp-json\/wp\/v2\/categories?post=49415"},{"taxonomy":"post_tag","embeddable":true,"href":"https:\/\/inces.gob.ve\/index.php\/wp-json\/wp\/v2\/tags?post=49415"}],"curies":[{"name":"wp","href":"https:\/\/api.w.org\/{rel}","templated":true}]}}