{"id":49424,"date":"2023-02-23T14:45:29","date_gmt":"2023-02-23T18:45:29","guid":{"rendered":"https:\/\/inces.gob.ve\/?p=49424"},"modified":"2023-02-23T14:46:07","modified_gmt":"2023-02-23T18:46:07","slug":"cojedes-inces-dicta-taller-de-elaboracion-de-mascaras-carnestolendas","status":"publish","type":"post","link":"https:\/\/inces.gob.ve\/index.php\/2023\/02\/23\/cojedes-inces-dicta-taller-de-elaboracion-de-mascaras-carnestolendas\/","title":{"rendered":"COJEDES | Inces dicta taller de elaboraci\u00f3n de m\u00e1scaras carnestolendas"},"content":{"rendered":"<p style=\"text-align: justify;\"><em><strong><span style=\"font-family: helvetica, arial, sans-serif; font-size: 14pt;\">** Participaci\u00f3n activa y protag\u00f3nica en apoyo a las tradiciones del motor turismo<\/span><\/strong><\/em><!--more--><\/p>\n<p>&nbsp;<\/p>\n<p style=\"text-align: justify;\"><span style=\"font-family: helvetica, arial, sans-serif; font-size: 14pt;\">Durante la ma\u00f1ana de hoy se dio inicio al taller de elaboraci\u00f3n de m\u00e1scaras carnestolendas, con la asistencia de la clase trabajadora, aprendices Inces y participantes de comunidades aleda\u00f1as al centro de formaci\u00f3n socialista Argimiro Gabaldon. La actividad cont\u00f3 con el apoyo log\u00edstico de la Gerencia Regional y la Coordinaci\u00f3n de Cultura, deporte, recreaci\u00f3n y Participaci\u00f3n Comunal.<\/span><\/p>\n<p><img loading=\"lazy\" decoding=\"async\" class=\"aligncenter wp-image-49430 size-full\" src=\"https:\/\/inces.gob.ve\/wp-content\/uploads\/2023\/02\/turismo-001-.jpg\" alt=\"\" width=\"796\" height=\"356\" srcset=\"https:\/\/inces.gob.ve\/wp-content\/uploads\/2023\/02\/turismo-001-.jpg 796w, https:\/\/inces.gob.ve\/wp-content\/uploads\/2023\/02\/turismo-001--300x134.jpg 300w, https:\/\/inces.gob.ve\/wp-content\/uploads\/2023\/02\/turismo-001--768x343.jpg 768w\" sizes=\"auto, (max-width: 796px) 100vw, 796px\" \/><\/p>\n<p>&nbsp;<\/p>\n<p style=\"text-align: justify;\"><span style=\"font-family: helvetica, arial, sans-serif; font-size: 14pt;\">El taller, dirigido por la trabajadora del programa Turismo, Sousel Baz\u00e1n, facilit\u00f3 t\u00e9cnicas para la elaboraci\u00f3n de las m\u00e1scaras con diversos materiales tradicionales, ecol\u00f3gicos\u00a0 y un toque de fantas\u00eda para resaltar el acostumbrado atuendo usado en las fiestas carnestolendas.<\/span><\/p>\n<p><img loading=\"lazy\" decoding=\"async\" class=\"aligncenter wp-image-49429 size-full\" src=\"https:\/\/inces.gob.ve\/wp-content\/uploads\/2023\/02\/turismo-000-.jpg\" alt=\"\" width=\"804\" height=\"368\" srcset=\"https:\/\/inces.gob.ve\/wp-content\/uploads\/2023\/02\/turismo-000-.jpg 804w, https:\/\/inces.gob.ve\/wp-content\/uploads\/2023\/02\/turismo-000--300x137.jpg 300w, https:\/\/inces.gob.ve\/wp-content\/uploads\/2023\/02\/turismo-000--768x352.jpg 768w\" sizes=\"auto, (max-width: 804px) 100vw, 804px\" \/><\/p>\n<p style=\"text-align: justify;\"><span style=\"font-family: helvetica, arial, sans-serif; font-size: 14pt;\">Por su parte, el coordinador regional de Cultura, Deporte, Recreaci\u00f3n y Participaci\u00f3n Comunal, Jos\u00e9 Veliz, resalt\u00f3 la importancia de conservar ciertas tradiciones que son patrimonio cultural de nuestros pueblos.\u00a0 \u201cDesde el Inces tenemos un compromiso con el pueblo y con el rescate de nuestras tradiciones. La tarea es que todos aportemos ideas, proyectos y actividades para el fortalecimiento de esta direcci\u00f3n\u201d.<\/span><\/p>\n<p><img loading=\"lazy\" decoding=\"async\" class=\"aligncenter wp-image-49428 \" src=\"https:\/\/inces.gob.ve\/wp-content\/uploads\/2023\/02\/motor-turismo-5-1-3-scaled-e1677177540631-216x300.jpg\" alt=\"\" width=\"408\" height=\"566\" srcset=\"https:\/\/inces.gob.ve\/wp-content\/uploads\/2023\/02\/motor-turismo-5-1-3-scaled-e1677177540631-216x300.jpg 216w, https:\/\/inces.gob.ve\/wp-content\/uploads\/2023\/02\/motor-turismo-5-1-3-scaled-e1677177540631-737x1024.jpg 737w, https:\/\/inces.gob.ve\/wp-content\/uploads\/2023\/02\/motor-turismo-5-1-3-scaled-e1677177540631-768x1067.jpg 768w, https:\/\/inces.gob.ve\/wp-content\/uploads\/2023\/02\/motor-turismo-5-1-3-scaled-e1677177540631.jpg 800w\" sizes=\"auto, (max-width: 408px) 100vw, 408px\" \/><\/p>\n<p style=\"text-align: justify;\"><span style=\"font-family: helvetica, arial, sans-serif; font-size: 14pt;\">En esta oportunidad los participantes elaboraron sus m\u00e1scaras y fueron \u00a0exhibidas para el disfrute de las personas y comunidad Inces que tenga a bien disfrutar de unos productos elaborados artesanalmente.\u00a0<\/span><\/p>\n","protected":false},"excerpt":{"rendered":"<p>** Participaci\u00f3n activa y protag\u00f3nica en apoyo a las tradiciones del motor turismo<\/p>\n","protected":false},"author":15,"featured_media":49427,"comment_status":"closed","ping_status":"closed","sticky":false,"template":"","format":"standard","meta":{"footnotes":""},"categories":[2],"tags":[],"class_list":["post-49424","post","type-post","status-publish","format-standard","has-post-thumbnail","hentry","category-blog"],"_links":{"self":[{"href":"https:\/\/inces.gob.ve\/index.php\/wp-json\/wp\/v2\/posts\/49424","targetHints":{"allow":["GET"]}}],"collection":[{"href":"https:\/\/inces.gob.ve\/index.php\/wp-json\/wp\/v2\/posts"}],"about":[{"href":"https:\/\/inces.gob.ve\/index.php\/wp-json\/wp\/v2\/types\/post"}],"author":[{"embeddable":true,"href":"https:\/\/inces.gob.ve\/index.php\/wp-json\/wp\/v2\/users\/15"}],"replies":[{"embeddable":true,"href":"https:\/\/inces.gob.ve\/index.php\/wp-json\/wp\/v2\/comments?post=49424"}],"version-history":[{"count":2,"href":"https:\/\/inces.gob.ve\/index.php\/wp-json\/wp\/v2\/posts\/49424\/revisions"}],"predecessor-version":[{"id":49432,"href":"https:\/\/inces.gob.ve\/index.php\/wp-json\/wp\/v2\/posts\/49424\/revisions\/49432"}],"wp:featuredmedia":[{"embeddable":true,"href":"https:\/\/inces.gob.ve\/index.php\/wp-json\/wp\/v2\/media\/49427"}],"wp:attachment":[{"href":"https:\/\/inces.gob.ve\/index.php\/wp-json\/wp\/v2\/media?parent=49424"}],"wp:term":[{"taxonomy":"category","embeddable":true,"href":"https:\/\/inces.gob.ve\/index.php\/wp-json\/wp\/v2\/categories?post=49424"},{"taxonomy":"post_tag","embeddable":true,"href":"https:\/\/inces.gob.ve\/index.php\/wp-json\/wp\/v2\/tags?post=49424"}],"curies":[{"name":"wp","href":"https:\/\/api.w.org\/{rel}","templated":true}]}}