{"id":49444,"date":"2023-02-24T16:41:23","date_gmt":"2023-02-24T20:41:23","guid":{"rendered":"https:\/\/inces.gob.ve\/?p=49444"},"modified":"2023-02-24T16:41:23","modified_gmt":"2023-02-24T20:41:23","slug":"falcon-inces-trabaja-articuladamente-con-el-sistema-de-misiones-y-grandes-misiones","status":"publish","type":"post","link":"https:\/\/inces.gob.ve\/index.php\/2023\/02\/24\/falcon-inces-trabaja-articuladamente-con-el-sistema-de-misiones-y-grandes-misiones\/","title":{"rendered":"FALC\u00d3N | Inces trabaja articuladamente con el sistema de Misiones y Grandes Misiones"},"content":{"rendered":"<div dir=\"auto\">\n<p dir=\"ltr\" style=\"text-align: justify;\"><em><strong><span style=\"font-family: helvetica, arial, sans-serif; font-size: 14pt;\">**La finalidad es dar respuesta a las comunidades organizadas en la regi\u00f3n falconiana<\/span><\/strong><\/em><\/p>\n<\/div>\n<p><!--more--><\/p>\n<p dir=\"ltr\">\n<div dir=\"auto\">\n<p dir=\"ltr\" style=\"text-align: justify;\"><span style=\"font-family: helvetica, arial, sans-serif; font-size: 14pt;\"><strong>MIRIAM GONZ\u00c1LEZ VILLARROEL<\/strong><\/span><\/p>\n<p dir=\"ltr\" style=\"text-align: justify;\"><span style=\"font-family: helvetica, arial, sans-serif; font-size: 14pt;\">El Instituto Nacional de Capacitaci\u00f3n y Educaci\u00f3n Socialista (Inces) en Falc\u00f3n participa activamente en los encuentros y atenci\u00f3n a las comunidades del \u00e1mbito de Misiones y Grandes Misiones.<\/span><\/p>\n<p dir=\"ltr\">\n<p dir=\"ltr\" style=\"text-align: justify;\"><span style=\"font-family: helvetica, arial, sans-serif; font-size: 14pt;\">En esta oportunidad, atendi\u00f3 a la Base de Misiones \u00abLos Sue\u00f1os del Comandante\u00bb, ubicada en la comunidad de San Agust\u00edn en Coro, con un radio de acci\u00f3n en nueve sectores; espacios, a los cuales lleg\u00f3 el Inces para dar a conocer el proceso de transformaci\u00f3n curricular de la instituci\u00f3n.<\/span><\/p>\n<p dir=\"ltr\">\n<p dir=\"ltr\" style=\"text-align: justify;\"><span style=\"font-family: helvetica, arial, sans-serif; font-size: 14pt;\">En este sentido, el equipo de la Gerencia Regional Falc\u00f3n que dirige Eneyda Mart\u00ednez Rodr\u00edguez, representado por Yared Andrade, atendi\u00f3 en promedio a 50 personas, residentes de esta localidad.<\/span><\/p>\n<p dir=\"ltr\">\n<p dir=\"ltr\" style=\"text-align: justify;\"><span style=\"font-family: helvetica, arial, sans-serif; font-size: 14pt;\">Adem\u00e1s, se prest\u00f3 atenci\u00f3n durante la visita a las fortalezas comunitarias con las cuales cuenta cada\u00a0 sector que integra la Base de Misiones; trabajo, que se realiz\u00f3 articuladamente con las Grandes\u00a0 Misiones: Robinson, Chamba Juvenil, Somos Venezuela y Robert Serra.<\/span><\/p>\n<\/div>\n","protected":false},"excerpt":{"rendered":"<p>**La finalidad es dar respuesta a las comunidades organizadas en la regi\u00f3n falconiana<\/p>\n","protected":false},"author":4,"featured_media":49445,"comment_status":"closed","ping_status":"closed","sticky":false,"template":"","format":"standard","meta":{"footnotes":""},"categories":[2],"tags":[],"class_list":["post-49444","post","type-post","status-publish","format-standard","has-post-thumbnail","hentry","category-blog"],"_links":{"self":[{"href":"https:\/\/inces.gob.ve\/index.php\/wp-json\/wp\/v2\/posts\/49444","targetHints":{"allow":["GET"]}}],"collection":[{"href":"https:\/\/inces.gob.ve\/index.php\/wp-json\/wp\/v2\/posts"}],"about":[{"href":"https:\/\/inces.gob.ve\/index.php\/wp-json\/wp\/v2\/types\/post"}],"author":[{"embeddable":true,"href":"https:\/\/inces.gob.ve\/index.php\/wp-json\/wp\/v2\/users\/4"}],"replies":[{"embeddable":true,"href":"https:\/\/inces.gob.ve\/index.php\/wp-json\/wp\/v2\/comments?post=49444"}],"version-history":[{"count":1,"href":"https:\/\/inces.gob.ve\/index.php\/wp-json\/wp\/v2\/posts\/49444\/revisions"}],"predecessor-version":[{"id":49446,"href":"https:\/\/inces.gob.ve\/index.php\/wp-json\/wp\/v2\/posts\/49444\/revisions\/49446"}],"wp:featuredmedia":[{"embeddable":true,"href":"https:\/\/inces.gob.ve\/index.php\/wp-json\/wp\/v2\/media\/49445"}],"wp:attachment":[{"href":"https:\/\/inces.gob.ve\/index.php\/wp-json\/wp\/v2\/media?parent=49444"}],"wp:term":[{"taxonomy":"category","embeddable":true,"href":"https:\/\/inces.gob.ve\/index.php\/wp-json\/wp\/v2\/categories?post=49444"},{"taxonomy":"post_tag","embeddable":true,"href":"https:\/\/inces.gob.ve\/index.php\/wp-json\/wp\/v2\/tags?post=49444"}],"curies":[{"name":"wp","href":"https:\/\/api.w.org\/{rel}","templated":true}]}}