{"id":49479,"date":"2023-02-27T12:46:07","date_gmt":"2023-02-27T16:46:07","guid":{"rendered":"https:\/\/inces.gob.ve\/?p=49479"},"modified":"2023-02-27T14:18:49","modified_gmt":"2023-02-27T18:18:49","slug":"caracas-inces-presente-en-la-conmemoracion-de-los-4-anos-de-la-batalla-de-los-puentes","status":"publish","type":"post","link":"https:\/\/inces.gob.ve\/index.php\/2023\/02\/27\/caracas-inces-presente-en-la-conmemoracion-de-los-4-anos-de-la-batalla-de-los-puentes\/","title":{"rendered":"CARACAS | Inces presente en la conmemoraci\u00f3n de los 4 a\u00f1os de la batalla de los puentes"},"content":{"rendered":"<div dir=\"auto\" style=\"text-align: justify;\"><em><strong><span style=\"font-family: helvetica, arial, sans-serif; font-size: 14pt;\">** \u00abDebemos seguir llevando a cabo estas actividades para as\u00ed generar las reflexiones, los aportes pero esencialmente para nutrir el sentido de la patria\u00bb Wuikelman Angel Paredes<\/span><\/strong><\/em><\/div>\n<p style=\"text-align: justify;\"><span style=\"font-family: helvetica, arial, sans-serif; font-size: 14pt;\"><!--more--><\/span><\/p>\n<div dir=\"auto\" style=\"text-align: justify;\"><\/div>\n<div dir=\"auto\" style=\"text-align: justify;\"><span style=\"font-family: helvetica, arial, sans-serif; font-size: 14pt;\">Con la presencia del presidente de Instituto Nacional de Capacitaci\u00f3n y Educaci\u00f3n Socialista (Inces) Wuikelman Angel Paredes y la gerente regional, Tania D\u00edaz, 120 aprendices de las distintos Instancias organizativas y quince trabajadores de las divisiones de la Gerencia Regional Caracas hicieron acto de presencia en la conmemoraci\u00f3n de la batalla de Los Puentes.\u00a0<\/span><\/div>\n<div dir=\"auto\"><\/div>\n<div dir=\"auto\"><\/div>\n<div dir=\"auto\"><img loading=\"lazy\" decoding=\"async\" class=\"aligncenter wp-image-49494 size-full\" src=\"https:\/\/inces.gob.ve\/wp-content\/uploads\/2023\/02\/IMG-20230224-WA0062.jpg\" alt=\"\" width=\"850\" height=\"638\" srcset=\"https:\/\/inces.gob.ve\/wp-content\/uploads\/2023\/02\/IMG-20230224-WA0062.jpg 850w, https:\/\/inces.gob.ve\/wp-content\/uploads\/2023\/02\/IMG-20230224-WA0062-300x225.jpg 300w, https:\/\/inces.gob.ve\/wp-content\/uploads\/2023\/02\/IMG-20230224-WA0062-768x576.jpg 768w, https:\/\/inces.gob.ve\/wp-content\/uploads\/2023\/02\/IMG-20230224-WA0062-136x102.jpg 136w\" sizes=\"auto, (max-width: 850px) 100vw, 850px\" \/><\/div>\n<div dir=\"auto\"><\/div>\n<div dir=\"auto\" style=\"text-align: justify;\"><\/div>\n<div dir=\"auto\" style=\"text-align: justify;\"><span style=\"font-family: helvetica, arial, sans-serif; font-size: 14pt;\">Hace cuatro a\u00f1os, la Agencia de los Estados Unidos para el Desarrollo Internacional (USAID), la ultraderecha nacional e internacional pretend\u00eda vulnerar la integridad territorial de Venezuela. En aquella ocasi\u00f3n, el pueblo se apost\u00f3 en la zona fronteriza para impedir el acceso de grupos terroristas al suelo de el Libertador, Sim\u00f3n Bol\u00edvar.<\/span><\/div>\n<div dir=\"auto\"><\/div>\n<div dir=\"auto\"><img loading=\"lazy\" decoding=\"async\" class=\"aligncenter wp-image-49493 size-full\" src=\"https:\/\/inces.gob.ve\/wp-content\/uploads\/2023\/02\/IMG_20230224_132121.jpg\" alt=\"\" width=\"850\" height=\"638\" srcset=\"https:\/\/inces.gob.ve\/wp-content\/uploads\/2023\/02\/IMG_20230224_132121.jpg 850w, https:\/\/inces.gob.ve\/wp-content\/uploads\/2023\/02\/IMG_20230224_132121-300x225.jpg 300w, https:\/\/inces.gob.ve\/wp-content\/uploads\/2023\/02\/IMG_20230224_132121-768x576.jpg 768w, https:\/\/inces.gob.ve\/wp-content\/uploads\/2023\/02\/IMG_20230224_132121-136x102.jpg 136w\" sizes=\"auto, (max-width: 850px) 100vw, 850px\" \/><\/div>\n<div dir=\"auto\" style=\"text-align: justify;\"><\/div>\n<div dir=\"auto\" style=\"text-align: justify;\"><span style=\"font-family: helvetica, arial, sans-serif; font-size: 14pt;\">Actividad llevada a cabo en los espacios de la plaza Bol\u00edvar en el centro de Caracas, con el fin de hacer un llamado de reflexi\u00f3n de lo sucedido hace cuatro a\u00f1os en la zona fronteriza de San Antonio del T\u00e1chira.<\/span><\/div>\n<div dir=\"auto\"><\/div>\n<div dir=\"auto\"><img loading=\"lazy\" decoding=\"async\" class=\"aligncenter wp-image-49483 size-full\" src=\"https:\/\/inces.gob.ve\/wp-content\/uploads\/2023\/02\/4-anos-de-la-batalla-1-.jpg\" alt=\"\" width=\"792\" height=\"588\" srcset=\"https:\/\/inces.gob.ve\/wp-content\/uploads\/2023\/02\/4-anos-de-la-batalla-1-.jpg 792w, https:\/\/inces.gob.ve\/wp-content\/uploads\/2023\/02\/4-anos-de-la-batalla-1--300x223.jpg 300w, https:\/\/inces.gob.ve\/wp-content\/uploads\/2023\/02\/4-anos-de-la-batalla-1--768x570.jpg 768w, https:\/\/inces.gob.ve\/wp-content\/uploads\/2023\/02\/4-anos-de-la-batalla-1--136x102.jpg 136w\" sizes=\"auto, (max-width: 792px) 100vw, 792px\" \/><\/div>\n","protected":false},"excerpt":{"rendered":"<p>** \u00abDebemos seguir llevando a cabo estas actividades para as\u00ed generar las reflexiones, los aportes pero esencialmente para nutrir el sentido de la patria\u00bb Wuikelman Angel Paredes<\/p>\n","protected":false},"author":15,"featured_media":49496,"comment_status":"closed","ping_status":"closed","sticky":false,"template":"","format":"standard","meta":{"footnotes":""},"categories":[2],"tags":[],"class_list":["post-49479","post","type-post","status-publish","format-standard","has-post-thumbnail","hentry","category-blog"],"_links":{"self":[{"href":"https:\/\/inces.gob.ve\/index.php\/wp-json\/wp\/v2\/posts\/49479","targetHints":{"allow":["GET"]}}],"collection":[{"href":"https:\/\/inces.gob.ve\/index.php\/wp-json\/wp\/v2\/posts"}],"about":[{"href":"https:\/\/inces.gob.ve\/index.php\/wp-json\/wp\/v2\/types\/post"}],"author":[{"embeddable":true,"href":"https:\/\/inces.gob.ve\/index.php\/wp-json\/wp\/v2\/users\/15"}],"replies":[{"embeddable":true,"href":"https:\/\/inces.gob.ve\/index.php\/wp-json\/wp\/v2\/comments?post=49479"}],"version-history":[{"count":8,"href":"https:\/\/inces.gob.ve\/index.php\/wp-json\/wp\/v2\/posts\/49479\/revisions"}],"predecessor-version":[{"id":49495,"href":"https:\/\/inces.gob.ve\/index.php\/wp-json\/wp\/v2\/posts\/49479\/revisions\/49495"}],"wp:featuredmedia":[{"embeddable":true,"href":"https:\/\/inces.gob.ve\/index.php\/wp-json\/wp\/v2\/media\/49496"}],"wp:attachment":[{"href":"https:\/\/inces.gob.ve\/index.php\/wp-json\/wp\/v2\/media?parent=49479"}],"wp:term":[{"taxonomy":"category","embeddable":true,"href":"https:\/\/inces.gob.ve\/index.php\/wp-json\/wp\/v2\/categories?post=49479"},{"taxonomy":"post_tag","embeddable":true,"href":"https:\/\/inces.gob.ve\/index.php\/wp-json\/wp\/v2\/tags?post=49479"}],"curies":[{"name":"wp","href":"https:\/\/api.w.org\/{rel}","templated":true}]}}