{"id":49516,"date":"2023-03-01T12:27:10","date_gmt":"2023-03-01T16:27:10","guid":{"rendered":"https:\/\/inces.gob.ve\/?p=49516"},"modified":"2023-03-01T12:27:30","modified_gmt":"2023-03-01T16:27:30","slug":"aragua-se-activo-el-acompanamiento-formativo-a-las-entidades-laborales-de-linares-alcantara","status":"publish","type":"post","link":"https:\/\/inces.gob.ve\/index.php\/2023\/03\/01\/aragua-se-activo-el-acompanamiento-formativo-a-las-entidades-laborales-de-linares-alcantara\/","title":{"rendered":"ARAGUA |  Se activ\u00f3 el acompa\u00f1amiento formativo a las entidades laborales de Linares Alcantara"},"content":{"rendered":"<div dir=\"auto\" style=\"text-align: justify;\"><span style=\"font-size: 14pt; font-family: helvetica, arial, sans-serif;\">** La realizaci\u00f3n de encuentros facilita el impulso de conversatorios diagn\u00f3sticos, el afianzamiento de alianzas estrat\u00e9gicas educativas y la supervisi\u00f3n de la continuidad de las formaciones en curso de los trabajadores<br \/>\n<\/span><\/div>\n<p><!--more--><\/p>\n<div dir=\"auto\" style=\"text-align: justify;\"><span style=\"font-size: 14pt; font-family: helvetica, arial, sans-serif;\">\u00a0<\/span><\/div>\n<div dir=\"auto\" style=\"text-align: justify;\"><span style=\"font-size: 14pt; font-family: helvetica, arial, sans-serif;\">\u00a0<\/span><\/div>\n<div dir=\"auto\" style=\"text-align: justify;\"><span style=\"font-size: 14pt; font-family: helvetica, arial, sans-serif;\">NINOSKA PATRIZ<\/span><\/div>\n<div dir=\"auto\" style=\"text-align: justify;\"><span style=\"font-size: 14pt; font-family: helvetica, arial, sans-serif;\">\u00a0<\/span><\/div>\n<div dir=\"auto\" style=\"text-align: justify;\"><span style=\"font-size: 14pt; font-family: helvetica, arial, sans-serif;\">\u00a0<\/span><\/div>\n<div dir=\"auto\" style=\"text-align: justify;\"><span style=\"font-size: 14pt; font-family: helvetica, arial, sans-serif;\">En acompa\u00f1amiento pedag\u00f3gico se despleg\u00f3 el Inces Aragua para ofrecer asesor\u00eda continua a las entidades laborales del municipio Francisco Linares Alcantara<\/span><\/div>\n<div dir=\"auto\" style=\"text-align: justify;\"><span style=\"font-size: 14pt; font-family: helvetica, arial, sans-serif;\">\u00a0<\/span><\/div>\n<div dir=\"auto\" style=\"text-align: justify;\"><span style=\"font-size: 14pt; font-family: helvetica, arial, sans-serif;\">En estas reuniones se discutieron las estrategias y acciones de asistencia t\u00e9cnica del Inces, quien apoya y ofrece asesoramiento permanente.\u00a0<\/span><\/div>\n<div dir=\"auto\" style=\"text-align: justify;\"><span style=\"font-size: 14pt; font-family: helvetica, arial, sans-serif;\">\u00a0<\/span><\/div>\n<div dir=\"auto\" style=\"text-align: justify;\"><span style=\"font-size: 14pt; font-family: helvetica, arial, sans-serif;\">De esta manera el Inces se orienta de acuerdo con lo establecido en la Constituci\u00f3n de la Rep\u00fablica Bolivariana de Venezuela, en torno a la importancia de impulsar la universalizaci\u00f3n del sistema educativo y crear condiciones para su libre acceso, a trav\u00e9s de sus programas basados en los principios y fundamentos requeridos por la naci\u00f3n, inform\u00f3 el jefe de Formaci\u00f3n Profesional, Sim\u00f3n Navarro.<\/span><\/div>\n<div dir=\"auto\" style=\"text-align: justify;\"><span style=\"font-size: 14pt; font-family: helvetica, arial, sans-serif;\"><img loading=\"lazy\" decoding=\"async\" class=\"aligncenter wp-image-49518 size-full\" src=\"https:\/\/inces.gob.ve\/wp-content\/uploads\/2023\/03\/acompanamiento-formativo-3--e1677687972722.jpg\" alt=\"\" width=\"800\" height=\"600\" srcset=\"https:\/\/inces.gob.ve\/wp-content\/uploads\/2023\/03\/acompanamiento-formativo-3--e1677687972722.jpg 800w, https:\/\/inces.gob.ve\/wp-content\/uploads\/2023\/03\/acompanamiento-formativo-3--e1677687972722-300x225.jpg 300w, https:\/\/inces.gob.ve\/wp-content\/uploads\/2023\/03\/acompanamiento-formativo-3--e1677687972722-768x576.jpg 768w, https:\/\/inces.gob.ve\/wp-content\/uploads\/2023\/03\/acompanamiento-formativo-3--e1677687972722-136x102.jpg 136w\" sizes=\"auto, (max-width: 800px) 100vw, 800px\" \/><\/span><\/div>\n<div dir=\"auto\" style=\"text-align: justify;\"><span style=\"font-size: 14pt; font-family: helvetica, arial, sans-serif;\">\u00a0<\/span><\/div>\n<div dir=\"auto\" style=\"text-align: justify;\"><span style=\"font-family: helvetica, arial, sans-serif; font-size: 14pt;\">En tal sentido, Navarro coment\u00f3: \u201cPor prosecuci\u00f3n se entiende que el Inces como instituci\u00f3n del Estado se encarga de la formaci\u00f3n y autoformaci\u00f3n colectiva, integral, continua y permanente de los trabajadores y las trabajadoras, orientada al desarrollo de sus capacidades para la producci\u00f3n de bienes y prestaci\u00f3n de servicios que satisfagan las necesidades del Poder Popular. El Bachillerato Productivo y Formaciones de Liderazgo, Motivaci\u00f3n al logro, Proceso Social Productivo del Trabajo entre otras son algunas de las formaciones pendientes. Y el objetivo es llevar la escuela de formaci\u00f3n dentro de las f\u00e1bricas\u00bb.<\/span><\/div>\n<div dir=\"auto\" style=\"text-align: justify;\"><\/div>\n<div dir=\"auto\" style=\"text-align: justify;\"><span style=\"font-family: helvetica, arial, sans-serif; font-size: 14pt;\">\u201cEn cada f\u00e1brica -continuo- debe haber una escuela de formaci\u00f3n y autoformaci\u00f3n, esto va a permitir formar a nuestros trabajadores, con el fin de certificarlos y acreditarlos en sus conocimientos, para garantizar una formaci\u00f3n pertinente en el \u00e1rea productiva. Nuestra misi\u00f3n es continuar con esta estrategia fundamental y primordial en los procesos formativos para impulsar una econom\u00eda productiva dentro de los 16 motores\u201d , de acuerdo con el jefe de Formaci\u00f3n Profesional.<\/span><\/div>\n<div dir=\"auto\" style=\"text-align: justify;\"><span style=\"font-size: 14pt; font-family: helvetica, arial, sans-serif;\">\u00a0<\/span><\/div>\n<div dir=\"auto\" style=\"text-align: justify;\"><span style=\"font-size: 14pt; font-family: helvetica, arial, sans-serif;\">\u00a0<\/span><\/div>\n<div dir=\"auto\" style=\"text-align: justify;\"><span style=\"font-size: 14pt; font-family: helvetica, arial, sans-serif;\">Es por ello que puede decirse que gracias al legado de nuestro Comandante Eterno se contin\u00faa con la promoci\u00f3n, control y acompa\u00f1amiento en la ejecuci\u00f3n del Plan de Formaci\u00f3n y Autoformaci\u00f3n Colectiva de sus trabajadores y trabajadoras y las Entidades de Trabajo, previa autorizaci\u00f3n y aprobaci\u00f3n del Inces de conformidad con lo establecido en el art\u00edculo 57 y en concordancia con los art\u00edculos 58, 59, 60 y 61 de la Ley del Inces.<\/span><\/div>\n","protected":false},"excerpt":{"rendered":"<p>** La realizaci\u00f3n de encuentros facilita el impulso de conversatorios diagn\u00f3sticos, el afianzamiento de alianzas estrat\u00e9gicas educativas y la supervisi\u00f3n de la continuidad de las formaciones en curso de los trabajadores<\/p>\n","protected":false},"author":15,"featured_media":49517,"comment_status":"closed","ping_status":"closed","sticky":false,"template":"","format":"standard","meta":{"footnotes":""},"categories":[2],"tags":[],"class_list":["post-49516","post","type-post","status-publish","format-standard","has-post-thumbnail","hentry","category-blog"],"_links":{"self":[{"href":"https:\/\/inces.gob.ve\/index.php\/wp-json\/wp\/v2\/posts\/49516","targetHints":{"allow":["GET"]}}],"collection":[{"href":"https:\/\/inces.gob.ve\/index.php\/wp-json\/wp\/v2\/posts"}],"about":[{"href":"https:\/\/inces.gob.ve\/index.php\/wp-json\/wp\/v2\/types\/post"}],"author":[{"embeddable":true,"href":"https:\/\/inces.gob.ve\/index.php\/wp-json\/wp\/v2\/users\/15"}],"replies":[{"embeddable":true,"href":"https:\/\/inces.gob.ve\/index.php\/wp-json\/wp\/v2\/comments?post=49516"}],"version-history":[{"count":1,"href":"https:\/\/inces.gob.ve\/index.php\/wp-json\/wp\/v2\/posts\/49516\/revisions"}],"predecessor-version":[{"id":49519,"href":"https:\/\/inces.gob.ve\/index.php\/wp-json\/wp\/v2\/posts\/49516\/revisions\/49519"}],"wp:featuredmedia":[{"embeddable":true,"href":"https:\/\/inces.gob.ve\/index.php\/wp-json\/wp\/v2\/media\/49517"}],"wp:attachment":[{"href":"https:\/\/inces.gob.ve\/index.php\/wp-json\/wp\/v2\/media?parent=49516"}],"wp:term":[{"taxonomy":"category","embeddable":true,"href":"https:\/\/inces.gob.ve\/index.php\/wp-json\/wp\/v2\/categories?post=49516"},{"taxonomy":"post_tag","embeddable":true,"href":"https:\/\/inces.gob.ve\/index.php\/wp-json\/wp\/v2\/tags?post=49516"}],"curies":[{"name":"wp","href":"https:\/\/api.w.org\/{rel}","templated":true}]}}