{"id":49526,"date":"2023-03-01T12:39:30","date_gmt":"2023-03-01T16:39:30","guid":{"rendered":"https:\/\/inces.gob.ve\/?p=49526"},"modified":"2023-03-01T13:03:15","modified_gmt":"2023-03-01T17:03:15","slug":"caracas-se-celebro-jornada-de-futbol-sala-para-los-jovenes-de-san-juan","status":"publish","type":"post","link":"https:\/\/inces.gob.ve\/index.php\/2023\/03\/01\/caracas-se-celebro-jornada-de-futbol-sala-para-los-jovenes-de-san-juan\/","title":{"rendered":"CARACAS | Se celebr\u00f3 jornada de f\u00fatbol sala para los j\u00f3venes de San Juan"},"content":{"rendered":"<div style=\"text-align: justify;\"><span style=\"font-size: 14pt; font-family: helvetica, arial, sans-serif;\"><em><strong><span style=\"color: #000000;\">** L<span style=\"font-size: large;\">as Instalaciones Deportivas del Centro de Formacion Socialista Luis Beltran Prieto Figueroa, se llev\u00f3 a cabo una jornada amistosa de f\u00fatbol sala, organizada por la Coordinaci\u00f3n de Cultura, Deporte, Recreaci\u00f3n y participaci\u00f3n comunal.<\/span><\/span><\/strong><\/em><br \/>\n<\/span><\/div>\n<p><!--more--><\/p>\n<div style=\"text-align: justify;\"><span style=\"font-size: 14pt; font-family: helvetica, arial, sans-serif;\">\u00a0<\/span><\/div>\n<div style=\"text-align: justify;\"><span style=\"font-size: 14pt; font-family: helvetica, arial, sans-serif;\">En la actividad se cont\u00f3 con la participaci\u00f3n de seis distintos equipos de la parroquia San Juan, quienes dieron el todo por el todo.\u00a0<\/span><\/div>\n<div><\/div>\n<div style=\"text-align: justify;\"><span style=\"color: #000000; font-size: 14pt; font-family: helvetica, arial, sans-serif;\"> <img loading=\"lazy\" decoding=\"async\" class=\"aligncenter wp-image-49530 size-full\" src=\"https:\/\/inces.gob.ve\/wp-content\/uploads\/2023\/03\/jornada-de-futbol-sala-4-.png\" alt=\"\" width=\"784\" height=\"541\" srcset=\"https:\/\/inces.gob.ve\/wp-content\/uploads\/2023\/03\/jornada-de-futbol-sala-4-.png 784w, https:\/\/inces.gob.ve\/wp-content\/uploads\/2023\/03\/jornada-de-futbol-sala-4--300x207.png 300w, https:\/\/inces.gob.ve\/wp-content\/uploads\/2023\/03\/jornada-de-futbol-sala-4--768x530.png 768w\" sizes=\"auto, (max-width: 784px) 100vw, 784px\" \/><\/span><\/div>\n<div style=\"text-align: justify;\"><span style=\"font-size: 14pt; font-family: helvetica, arial, sans-serif;\"><span style=\"color: #000000;\">Durante el a\u00f1o se llevar\u00e1n\u00a0a cabo nuevos encuentros con otras parroquias, as\u00ed como con las diferentes comunidades cercanas, una manera de desarrollo para los ni\u00f1os durante su tiempo libre.<\/span><br \/>\n<\/span><\/div>\n<div style=\"text-align: justify;\"><span style=\"font-size: 14pt; font-family: helvetica, arial, sans-serif;\">\u00a0<\/span><\/div>\n<div style=\"text-align: justify;\"><span style=\"font-size: 14pt; font-family: helvetica, arial, sans-serif;\">\u00abLa idea de estos encuentros es incentivar a los j\u00f3venes al deporte, para que en su tiempo libre est\u00e9n concentrados en el deporte y no en malos pasos\u00bb, expres\u00f3\u00a0Williams Jimenez, creador de esta jornada.<\/span><\/div>\n<div><\/div>\n","protected":false},"excerpt":{"rendered":"<p>** Las Instalaciones Deportivas del Centro de Formacion Socialista Luis Beltran Prieto Figueroa, se llev\u00f3 a cabo una jornada amistosa de f\u00fatbol sala, organizada por la Coordinaci\u00f3n de Cultura, Deporte, Recreaci\u00f3n y participaci\u00f3n comunal.<\/p>\n","protected":false},"author":15,"featured_media":49529,"comment_status":"closed","ping_status":"closed","sticky":false,"template":"","format":"standard","meta":{"footnotes":""},"categories":[2],"tags":[],"class_list":["post-49526","post","type-post","status-publish","format-standard","has-post-thumbnail","hentry","category-blog"],"_links":{"self":[{"href":"https:\/\/inces.gob.ve\/index.php\/wp-json\/wp\/v2\/posts\/49526","targetHints":{"allow":["GET"]}}],"collection":[{"href":"https:\/\/inces.gob.ve\/index.php\/wp-json\/wp\/v2\/posts"}],"about":[{"href":"https:\/\/inces.gob.ve\/index.php\/wp-json\/wp\/v2\/types\/post"}],"author":[{"embeddable":true,"href":"https:\/\/inces.gob.ve\/index.php\/wp-json\/wp\/v2\/users\/15"}],"replies":[{"embeddable":true,"href":"https:\/\/inces.gob.ve\/index.php\/wp-json\/wp\/v2\/comments?post=49526"}],"version-history":[{"count":4,"href":"https:\/\/inces.gob.ve\/index.php\/wp-json\/wp\/v2\/posts\/49526\/revisions"}],"predecessor-version":[{"id":49532,"href":"https:\/\/inces.gob.ve\/index.php\/wp-json\/wp\/v2\/posts\/49526\/revisions\/49532"}],"wp:featuredmedia":[{"embeddable":true,"href":"https:\/\/inces.gob.ve\/index.php\/wp-json\/wp\/v2\/media\/49529"}],"wp:attachment":[{"href":"https:\/\/inces.gob.ve\/index.php\/wp-json\/wp\/v2\/media?parent=49526"}],"wp:term":[{"taxonomy":"category","embeddable":true,"href":"https:\/\/inces.gob.ve\/index.php\/wp-json\/wp\/v2\/categories?post=49526"},{"taxonomy":"post_tag","embeddable":true,"href":"https:\/\/inces.gob.ve\/index.php\/wp-json\/wp\/v2\/tags?post=49526"}],"curies":[{"name":"wp","href":"https:\/\/api.w.org\/{rel}","templated":true}]}}