{"id":49557,"date":"2023-03-02T16:25:47","date_gmt":"2023-03-02T20:25:47","guid":{"rendered":"https:\/\/inces.gob.ve\/?p=49557"},"modified":"2023-03-02T16:25:54","modified_gmt":"2023-03-02T20:25:54","slug":"yaracuy-liceo-inces-participo-en-congreso-pedagogico-del-circuito-68","status":"publish","type":"post","link":"https:\/\/inces.gob.ve\/index.php\/2023\/03\/02\/yaracuy-liceo-inces-participo-en-congreso-pedagogico-del-circuito-68\/","title":{"rendered":"YARACUY | Liceo Inces particip\u00f3 en congreso pedag\u00f3gico del circuito 68"},"content":{"rendered":"<p><strong><em>**Los docentes intercambiaron experiencias sobre el trabajo que realizan de acuerdo a la realidad de cada una de sus instituciones educativas <\/em><\/strong><!--more--><\/p>\n<p><strong>YOLAICE VARGAS<\/strong><\/p>\n<p>El director de la Unidad Educativa del Instituto Nacional de Capacitaci\u00f3n y Educaci\u00f3n Socialista (Inces), Andri Fonseca, particip\u00f3 en el Congreso Pedag\u00f3gico del circuito 68, denominado \u00a0\u201cLa escuela como epicentro de acci\u00f3n social y desarrollo territorial\u201d.<\/p>\n<p><img loading=\"lazy\" decoding=\"async\" class=\"wp-image-49558 size-full\" src=\"https:\/\/inces.gob.ve\/wp-content\/uploads\/2023\/03\/congreso-pedagogico-1--e1677788601364.jpg\" alt=\"\" width=\"800\" height=\"450\" srcset=\"https:\/\/inces.gob.ve\/wp-content\/uploads\/2023\/03\/congreso-pedagogico-1--e1677788601364.jpg 800w, https:\/\/inces.gob.ve\/wp-content\/uploads\/2023\/03\/congreso-pedagogico-1--e1677788601364-300x169.jpg 300w, https:\/\/inces.gob.ve\/wp-content\/uploads\/2023\/03\/congreso-pedagogico-1--e1677788601364-768x432.jpg 768w\" sizes=\"auto, (max-width: 800px) 100vw, 800px\" \/><\/p>\n<p>En el encuentro el personal docente de cada instituci\u00f3n educativa, realiz\u00f3 una breve ponencia acerca del trabajo que se realiza en cada una de las casas de estudios, teniendo como tema central la \u2018M\u00e1ndala\u2019 adaptando las estrategias y herramientas utilizadas en el aula de clases<\/p>\n<p><img loading=\"lazy\" decoding=\"async\" class=\"wp-image-49559 size-full\" src=\"https:\/\/inces.gob.ve\/wp-content\/uploads\/2023\/03\/congreso-pedagogico-2--e1677788623921.jpg\" alt=\"\" width=\"800\" height=\"450\" srcset=\"https:\/\/inces.gob.ve\/wp-content\/uploads\/2023\/03\/congreso-pedagogico-2--e1677788623921.jpg 800w, https:\/\/inces.gob.ve\/wp-content\/uploads\/2023\/03\/congreso-pedagogico-2--e1677788623921-300x169.jpg 300w, https:\/\/inces.gob.ve\/wp-content\/uploads\/2023\/03\/congreso-pedagogico-2--e1677788623921-768x432.jpg 768w\" sizes=\"auto, (max-width: 800px) 100vw, 800px\" \/><\/p>\n<p>De igual manera se elaboraron tres mesas de trabajo en donde se disert\u00f3 sobre cu\u00e1les herramientas de aprendizaje se aplican para el desarrollo de los \u00e9nfasis curriculares.<\/p>\n<p>Es importante destacar que los participantes se agruparon y rese\u00f1aron de manera resumida el trabajo que se lleva a cabo desde el \u00e1mbito en el que se desenvuelven (preescolar, b\u00e1sica, media general y educaci\u00f3n de poblaci\u00f3n adulto y adulta).<\/p>\n<p><img loading=\"lazy\" decoding=\"async\" class=\"wp-image-49560 size-full\" src=\"https:\/\/inces.gob.ve\/wp-content\/uploads\/2023\/03\/congreso-pedagogico-3--e1677788640379.jpg\" alt=\"\" width=\"800\" height=\"450\" srcset=\"https:\/\/inces.gob.ve\/wp-content\/uploads\/2023\/03\/congreso-pedagogico-3--e1677788640379.jpg 800w, https:\/\/inces.gob.ve\/wp-content\/uploads\/2023\/03\/congreso-pedagogico-3--e1677788640379-300x169.jpg 300w, https:\/\/inces.gob.ve\/wp-content\/uploads\/2023\/03\/congreso-pedagogico-3--e1677788640379-768x432.jpg 768w\" sizes=\"auto, (max-width: 800px) 100vw, 800px\" \/><\/p>\n<p>En tal sentido se concluy\u00f3 que, todas las casas de estudios emplean diversidad de estrategias a fin de que los estudiantes obtengan y aprovechen al m\u00e1ximo todo el conocimiento ofrecido, el cual no solo les permite avanzar en lo acad\u00e9mico, sino adem\u00e1s emplearlo en las vivencias diarias.<\/p>\n<p>&nbsp;<\/p>\n<p>Las instituciones educativas participantes de esta actividad fueron: Unidad Educativa Cecilio Acosta, CEI Andr\u00e9s Eloy Blanco, Preescolar Ezequiel Zamora, CEIB Severiano Gim\u00e9nez, CEIB Carlos Colmenarez, CEI Julio C\u00e9sar Veliz, EPB Sim\u00f3n Torres, EPB Barrio Andr\u00e9s Eloy Blanco y el Liceo Inces Yaracuy.<\/p>\n","protected":false},"excerpt":{"rendered":"<p>**Los docentes intercambiaron experiencias sobre el trabajo que realizan de acuerdo a la realidad de cada una de sus instituciones educativas<\/p>\n","protected":false},"author":15,"featured_media":49561,"comment_status":"closed","ping_status":"closed","sticky":false,"template":"","format":"standard","meta":{"footnotes":""},"categories":[2],"tags":[],"class_list":["post-49557","post","type-post","status-publish","format-standard","has-post-thumbnail","hentry","category-blog"],"_links":{"self":[{"href":"https:\/\/inces.gob.ve\/index.php\/wp-json\/wp\/v2\/posts\/49557","targetHints":{"allow":["GET"]}}],"collection":[{"href":"https:\/\/inces.gob.ve\/index.php\/wp-json\/wp\/v2\/posts"}],"about":[{"href":"https:\/\/inces.gob.ve\/index.php\/wp-json\/wp\/v2\/types\/post"}],"author":[{"embeddable":true,"href":"https:\/\/inces.gob.ve\/index.php\/wp-json\/wp\/v2\/users\/15"}],"replies":[{"embeddable":true,"href":"https:\/\/inces.gob.ve\/index.php\/wp-json\/wp\/v2\/comments?post=49557"}],"version-history":[{"count":2,"href":"https:\/\/inces.gob.ve\/index.php\/wp-json\/wp\/v2\/posts\/49557\/revisions"}],"predecessor-version":[{"id":49564,"href":"https:\/\/inces.gob.ve\/index.php\/wp-json\/wp\/v2\/posts\/49557\/revisions\/49564"}],"wp:featuredmedia":[{"embeddable":true,"href":"https:\/\/inces.gob.ve\/index.php\/wp-json\/wp\/v2\/media\/49561"}],"wp:attachment":[{"href":"https:\/\/inces.gob.ve\/index.php\/wp-json\/wp\/v2\/media?parent=49557"}],"wp:term":[{"taxonomy":"category","embeddable":true,"href":"https:\/\/inces.gob.ve\/index.php\/wp-json\/wp\/v2\/categories?post=49557"},{"taxonomy":"post_tag","embeddable":true,"href":"https:\/\/inces.gob.ve\/index.php\/wp-json\/wp\/v2\/tags?post=49557"}],"curies":[{"name":"wp","href":"https:\/\/api.w.org\/{rel}","templated":true}]}}