{"id":49603,"date":"2023-03-07T12:13:12","date_gmt":"2023-03-07T16:13:12","guid":{"rendered":"https:\/\/inces.gob.ve\/?p=49603"},"modified":"2023-03-07T12:16:58","modified_gmt":"2023-03-07T16:16:58","slug":"inces-realizo-tertulia-cultural-para-conmemorar-la-siembra-del-comandante-hugo-chavez","status":"publish","type":"post","link":"https:\/\/inces.gob.ve\/index.php\/2023\/03\/07\/inces-realizo-tertulia-cultural-para-conmemorar-la-siembra-del-comandante-hugo-chavez\/","title":{"rendered":"Inces realiz\u00f3 tertulia cultural para conmemorar la siembra del comandante Hugo Ch\u00e1vez"},"content":{"rendered":"<p align=\"justify\"><strong><span style=\"font-family: helvetica, sans-serif;\"><span style=\"font-size: large;\"><b>*** En el Inces siempre hay espacios para la cultura, las artes, la recreaci\u00f3n y la discusi\u00f3n<\/b><\/span><\/span><\/strong><!--more--><\/p>\n<p align=\"justify\"><span style=\"font-family: helvetica, sans-serif;\"><span style=\"font-size: large;\">PRENSA INCES<\/span><\/span><\/p>\n<p align=\"justify\"><span style=\"font-family: helvetica, sans-serif;\"><span style=\"font-size: large;\">Fotos Rafael Urbina<\/span><\/span><\/p>\n<p align=\"justify\"><span style=\"font-family: helvetica, sans-serif;\"><span style=\"font-size: large;\">En los espacios\u00a0de\u00a0Caf\u00e9 Galer\u00eda Wad\u00e4ka, del edificio Inces sede de la Av. Nueva Granada, la Gerencia General de Cultura, Deporte, Recreaci\u00f3n y Participaci\u00f3n Comunal conmemor\u00f3\u00a0la muerte del comandante Hugo Ch\u00e1vez.<\/span><\/span><\/p>\n<p align=\"justify\"><img loading=\"lazy\" decoding=\"async\" class=\"aligncenter wp-image-49609 size-full\" src=\"https:\/\/inces.gob.ve\/wp-content\/uploads\/2023\/03\/homenaje-pres.-Hugo-Chavez-decimo-aniversario-2-1-1.jpg\" alt=\"\" width=\"800\" height=\"512\" srcset=\"https:\/\/inces.gob.ve\/wp-content\/uploads\/2023\/03\/homenaje-pres.-Hugo-Chavez-decimo-aniversario-2-1-1.jpg 800w, https:\/\/inces.gob.ve\/wp-content\/uploads\/2023\/03\/homenaje-pres.-Hugo-Chavez-decimo-aniversario-2-1-1-300x192.jpg 300w, https:\/\/inces.gob.ve\/wp-content\/uploads\/2023\/03\/homenaje-pres.-Hugo-Chavez-decimo-aniversario-2-1-1-768x492.jpg 768w\" sizes=\"auto, (max-width: 800px) 100vw, 800px\" \/><\/p>\n<p align=\"justify\"><span style=\"font-family: helvetica, sans-serif;\"><span style=\"font-size: large;\">Esta conmemoraci\u00f3n fue protagonizada por los trabajadores del Inces sede.\u00a0Inici\u00f3 el conversatorio\u00a0Hern\u00e1n\u00a0Garboza,\u00a0gerente adscrito a la Direcci\u00f3n de Investigaci\u00f3n y Desarrollo. Seguidamente\u00a0se pudo disfrutar de la\u00a0declamaci\u00f3n de\u00a0Viany\u00a0M\u00e1rquez, promotora de la\u00a0Gerencia de\u00a0Cultura,\u00a0para dar paso a la participaci\u00f3n de\u00a0Jhonny Jimenez.<\/span><\/span><\/p>\n<p align=\"justify\"><img loading=\"lazy\" decoding=\"async\" class=\"aligncenter wp-image-49610 size-full\" src=\"https:\/\/inces.gob.ve\/wp-content\/uploads\/2023\/03\/homenaje-pres.-Hugo-Chavez-decimo-aniversario-4-1.jpg\" alt=\"\" width=\"804\" height=\"436\" srcset=\"https:\/\/inces.gob.ve\/wp-content\/uploads\/2023\/03\/homenaje-pres.-Hugo-Chavez-decimo-aniversario-4-1.jpg 804w, https:\/\/inces.gob.ve\/wp-content\/uploads\/2023\/03\/homenaje-pres.-Hugo-Chavez-decimo-aniversario-4-1-300x163.jpg 300w, https:\/\/inces.gob.ve\/wp-content\/uploads\/2023\/03\/homenaje-pres.-Hugo-Chavez-decimo-aniversario-4-1-768x416.jpg 768w\" sizes=\"auto, (max-width: 804px) 100vw, 804px\" \/><\/p>\n<p align=\"justify\"><strong><span style=\"font-family: helvetica, sans-serif;\"><span style=\"font-size: large;\">Viany\u00a0M\u00e1rquez inici\u00f3\u00a0su declamaci\u00f3n para Ch\u00e1vez,\u00a0llena de contenidos\u00a0sociales y pol\u00edticos\u00a0e invitando a todos a\u00a0mantenerse unidos. \u201cLa unidad fue la bandera de Ch\u00e1vez, del Proyecto Nacional Sim\u00f3n Bol\u00edvar.\u00a0Unidad para la lucha, la batalla y la victoria de la revoluci\u00f3n\u201d,\u00a0dijo.<\/span><\/span><\/strong><\/p>\n<p align=\"justify\"><span style=\"font-family: helvetica, sans-serif;\"><span style=\"font-size: large;\">Por su parte\u00a0Jimenez\u00a0habl\u00f3\u00a0del legado del comandante Ch\u00e1vez en la cultura popular. \u201cSu\u00a0lucha popular transcendi\u00f3 las fronteras y le dio coraje\u00a0y\u00a0fuerza al pueblo para impulsar la lucha por la justicia social, la igualdad, la libertad, la paz y sobre todo por la independencia\u201d.<\/span><\/span><\/p>\n<p align=\"justify\"><img loading=\"lazy\" decoding=\"async\" class=\"aligncenter wp-image-49615 size-full\" src=\"https:\/\/inces.gob.ve\/wp-content\/uploads\/2023\/03\/DSC_9622-1024x685-1-e1678205787187.jpg\" alt=\"\" width=\"800\" height=\"535\" srcset=\"https:\/\/inces.gob.ve\/wp-content\/uploads\/2023\/03\/DSC_9622-1024x685-1-e1678205787187.jpg 800w, https:\/\/inces.gob.ve\/wp-content\/uploads\/2023\/03\/DSC_9622-1024x685-1-e1678205787187-300x201.jpg 300w, https:\/\/inces.gob.ve\/wp-content\/uploads\/2023\/03\/DSC_9622-1024x685-1-e1678205787187-768x514.jpg 768w, https:\/\/inces.gob.ve\/wp-content\/uploads\/2023\/03\/DSC_9622-1024x685-1-e1678205787187-272x182.jpg 272w\" sizes=\"auto, (max-width: 800px) 100vw, 800px\" \/><\/p>\n<p align=\"justify\"><span style=\"font-family: helvetica, sans-serif;\"><span style=\"font-size: large;\">Para el comandante Ch\u00e1vez sin independencia no hab\u00eda posibilidades de construir un proyecto socialista\u00a0ni\u00a0de recuperar los recursos estrat\u00e9gicos del pa\u00eds; hubiese sido imposible entonces pensar en un proyecto social unido\u00a0o\u00a0en la\u00a0integraci\u00f3n latinoamericana, desafiando adem\u00e1s los poderes hegem\u00f3nicos.<\/span><\/span><\/p>\n<p align=\"justify\"><span style=\"font-family: helvetica, sans-serif;\"><span style=\"font-size: large;\">Para culminar el recuento la cantante Marianela Cubill\u00e1n, acompa\u00f1ada del guitarrista Alexis Rojas, interpretaron los temas Febreros y Abriles\u00a0y\u00a0Gracias a la vida.<\/span><\/span><\/p>\n","protected":false},"excerpt":{"rendered":"<p>*** En el Inces siempre hay espacios para la cultura, las artes, la recreaci\u00f3n y la discusi\u00f3n<\/p>\n","protected":false},"author":15,"featured_media":49608,"comment_status":"closed","ping_status":"closed","sticky":false,"template":"","format":"standard","meta":{"footnotes":""},"categories":[2],"tags":[],"class_list":["post-49603","post","type-post","status-publish","format-standard","has-post-thumbnail","hentry","category-blog"],"_links":{"self":[{"href":"https:\/\/inces.gob.ve\/index.php\/wp-json\/wp\/v2\/posts\/49603","targetHints":{"allow":["GET"]}}],"collection":[{"href":"https:\/\/inces.gob.ve\/index.php\/wp-json\/wp\/v2\/posts"}],"about":[{"href":"https:\/\/inces.gob.ve\/index.php\/wp-json\/wp\/v2\/types\/post"}],"author":[{"embeddable":true,"href":"https:\/\/inces.gob.ve\/index.php\/wp-json\/wp\/v2\/users\/15"}],"replies":[{"embeddable":true,"href":"https:\/\/inces.gob.ve\/index.php\/wp-json\/wp\/v2\/comments?post=49603"}],"version-history":[{"count":4,"href":"https:\/\/inces.gob.ve\/index.php\/wp-json\/wp\/v2\/posts\/49603\/revisions"}],"predecessor-version":[{"id":49616,"href":"https:\/\/inces.gob.ve\/index.php\/wp-json\/wp\/v2\/posts\/49603\/revisions\/49616"}],"wp:featuredmedia":[{"embeddable":true,"href":"https:\/\/inces.gob.ve\/index.php\/wp-json\/wp\/v2\/media\/49608"}],"wp:attachment":[{"href":"https:\/\/inces.gob.ve\/index.php\/wp-json\/wp\/v2\/media?parent=49603"}],"wp:term":[{"taxonomy":"category","embeddable":true,"href":"https:\/\/inces.gob.ve\/index.php\/wp-json\/wp\/v2\/categories?post=49603"},{"taxonomy":"post_tag","embeddable":true,"href":"https:\/\/inces.gob.ve\/index.php\/wp-json\/wp\/v2\/tags?post=49603"}],"curies":[{"name":"wp","href":"https:\/\/api.w.org\/{rel}","templated":true}]}}