{"id":49674,"date":"2023-03-07T17:15:51","date_gmt":"2023-03-07T21:15:51","guid":{"rendered":"https:\/\/inces.gob.ve\/?p=49674"},"modified":"2023-03-10T11:19:56","modified_gmt":"2023-03-10T15:19:56","slug":"aragua-el-liceo-uea-finalizo-el-ano-escolar-2022-2023-i-lapso","status":"publish","type":"post","link":"https:\/\/inces.gob.ve\/index.php\/2023\/03\/07\/aragua-el-liceo-uea-finalizo-el-ano-escolar-2022-2023-i-lapso\/","title":{"rendered":"Aragua | El Liceo UEA finaliz\u00f3 el a\u00f1o escolar 2022-2023 I Lapso"},"content":{"rendered":"<p style=\"text-align: justify;\"><em><span style=\"color: #222222; font-size: 14pt; font-family: helvetica, arial, sans-serif;\"><b>** La exitosa Socializaci\u00f3n de los Proyectos de los estudiantes del 6to Periodo fue motivo de celebraci\u00f3n desde los diferentes ambientes para tal fin<\/b><\/span><\/em><!--more--><\/p>\n<p>&nbsp;<\/p>\n<p style=\"text-align: justify;\"><span style=\"color: #222222; font-size: 14pt; font-family: helvetica, arial, sans-serif;\"><b>NINOSKA PATRIZ<\/b><\/span><\/p>\n<p style=\"text-align: justify;\"><span style=\"color: #222222; font-size: 14pt; font-family: helvetica, arial, sans-serif;\">Con corresponsabilidad, transparencia e integridad, el Liceo Inces Aragua finaliza el a\u00f1o escolar 2022-2023 I Lapso, con la socializaci\u00f3n de los respectivos proyectos de los estudiantes del 6to Per\u00edodo en sus diferentes espacios.<\/span><\/p>\n<p>&nbsp;<\/p>\n<p style=\"text-align: justify;\"><span style=\"color: #222222; font-size: 14pt; font-family: helvetica, arial, sans-serif;\">Esta actividad sirvi\u00f3 para visibilizar las realidades de los participantes que a su vez, durante el proceso de pr\u00e1ctica, fueron transformadores de sus contextos en los diferentes procesos de liberaci\u00f3n, mediante la adquisici\u00f3n de herramientas productivas para la vida.<\/span><\/p>\n<p>\u00a0<img loading=\"lazy\" decoding=\"async\" class=\"aligncenter wp-image-49677 size-large\" src=\"https:\/\/inces.gob.ve\/wp-content\/uploads\/2023\/03\/IMG-20230307-WA0018-1024x768.jpg\" alt=\"\" width=\"640\" height=\"480\" srcset=\"https:\/\/inces.gob.ve\/wp-content\/uploads\/2023\/03\/IMG-20230307-WA0018-1024x768.jpg 1024w, https:\/\/inces.gob.ve\/wp-content\/uploads\/2023\/03\/IMG-20230307-WA0018-300x225.jpg 300w, https:\/\/inces.gob.ve\/wp-content\/uploads\/2023\/03\/IMG-20230307-WA0018-768x576.jpg 768w, https:\/\/inces.gob.ve\/wp-content\/uploads\/2023\/03\/IMG-20230307-WA0018-136x102.jpg 136w, https:\/\/inces.gob.ve\/wp-content\/uploads\/2023\/03\/IMG-20230307-WA0018.jpg 1040w\" sizes=\"auto, (max-width: 640px) 100vw, 640px\" \/><\/p>\n<p style=\"text-align: justify;\"><span style=\"color: #222222; font-size: 14pt; font-family: helvetica, arial, sans-serif;\">Los mismos, expusieron las habilidades y destrezas emp\u00edricas y obtenidas. Y con gran satisfacci\u00f3n culminaron una nueva etapa, empoderados con el conocimiento productivo para el fortalecimiento econ\u00f3mico de la Patria.<\/span><\/p>\n<p>&nbsp;<\/p>\n<p style=\"text-align: justify;\"><span style=\"color: #222222; font-size: 14pt; font-family: helvetica, arial, sans-serif;\">En este aspecto, tanto la jefa de la Unidad Educativa, Magister, Sorangel Blanco, como todo el equipo de profesores y personal administrativo felicitaron a los estudiantes y celebraron su triunfo como propio, pues cada historia es un ejemplo para los j\u00f3venes de la pr\u00f3xima generaci\u00f3n.<\/span><\/p>\n","protected":false},"excerpt":{"rendered":"<p>** La exitosa Socializaci\u00f3n de los Proyectos de los estudiantes del 6to Periodo fue motivo de celebraci\u00f3n desde los diferentes ambientes para tal fin<\/p>\n","protected":false},"author":4,"featured_media":49678,"comment_status":"closed","ping_status":"closed","sticky":false,"template":"","format":"standard","meta":{"footnotes":""},"categories":[2],"tags":[],"class_list":["post-49674","post","type-post","status-publish","format-standard","has-post-thumbnail","hentry","category-blog"],"_links":{"self":[{"href":"https:\/\/inces.gob.ve\/index.php\/wp-json\/wp\/v2\/posts\/49674","targetHints":{"allow":["GET"]}}],"collection":[{"href":"https:\/\/inces.gob.ve\/index.php\/wp-json\/wp\/v2\/posts"}],"about":[{"href":"https:\/\/inces.gob.ve\/index.php\/wp-json\/wp\/v2\/types\/post"}],"author":[{"embeddable":true,"href":"https:\/\/inces.gob.ve\/index.php\/wp-json\/wp\/v2\/users\/4"}],"replies":[{"embeddable":true,"href":"https:\/\/inces.gob.ve\/index.php\/wp-json\/wp\/v2\/comments?post=49674"}],"version-history":[{"count":1,"href":"https:\/\/inces.gob.ve\/index.php\/wp-json\/wp\/v2\/posts\/49674\/revisions"}],"predecessor-version":[{"id":49679,"href":"https:\/\/inces.gob.ve\/index.php\/wp-json\/wp\/v2\/posts\/49674\/revisions\/49679"}],"wp:featuredmedia":[{"embeddable":true,"href":"https:\/\/inces.gob.ve\/index.php\/wp-json\/wp\/v2\/media\/49678"}],"wp:attachment":[{"href":"https:\/\/inces.gob.ve\/index.php\/wp-json\/wp\/v2\/media?parent=49674"}],"wp:term":[{"taxonomy":"category","embeddable":true,"href":"https:\/\/inces.gob.ve\/index.php\/wp-json\/wp\/v2\/categories?post=49674"},{"taxonomy":"post_tag","embeddable":true,"href":"https:\/\/inces.gob.ve\/index.php\/wp-json\/wp\/v2\/tags?post=49674"}],"curies":[{"name":"wp","href":"https:\/\/api.w.org\/{rel}","templated":true}]}}