{"id":49692,"date":"2023-03-11T19:45:56","date_gmt":"2023-03-11T23:45:56","guid":{"rendered":"https:\/\/inces.gob.ve\/?p=49692"},"modified":"2023-03-11T19:48:06","modified_gmt":"2023-03-11T23:48:06","slug":"cfs-jorge-rodriguez-dio-inicio-al-bachillerato-productivo","status":"publish","type":"post","link":"https:\/\/inces.gob.ve\/index.php\/2023\/03\/11\/cfs-jorge-rodriguez-dio-inicio-al-bachillerato-productivo\/","title":{"rendered":"CFS Jorge Rodr\u00edguez dio inicio al Bachillerato Productivo"},"content":{"rendered":"<p style=\"text-align: justify;\"><span style=\"font-family: helvetica, arial, sans-serif; font-size: 14pt;\"><strong><em>** Despu\u00e9s de muchos a\u00f1os, el centro de formaci\u00f3n ubicado en\u00a0 la avenida Nueva Granada abri\u00f3 la opci\u00f3n para estudiar bachillerato\u00a0<\/em><\/strong><!--more--><\/span><\/p>\n<p><strong><span style=\"font-size: 14pt; font-family: helvetica, arial, sans-serif;\">LONGINA TOVAR<\/span><\/strong><\/p>\n<p style=\"text-align: justify;\"><span style=\"font-family: helvetica, arial, sans-serif; font-size: 14pt;\">Este s\u00e1bado, el Instituto Nacional de Capacitaci\u00f3n y Educaci\u00f3n Socialista (Inces) dio inicio a la formaci\u00f3n correspondiente al Bachillerato Productivo, espec\u00edficamente en las instalaciones del Centro de Formaci\u00f3n Socialista (CFS) Jorge Antonio Rodr\u00edguez, ubicado en la avenida Nueva Granada de Caracas.<\/span><\/p>\n<p>&nbsp;<\/p>\n<p><img loading=\"lazy\" decoding=\"async\" class=\"aligncenter wp-image-49693 size-full\" src=\"https:\/\/inces.gob.ve\/wp-content\/uploads\/2023\/03\/WhatsApp-Image-2023-03-11-at-6.36.42-PM.jpeg\" alt=\"\" width=\"1024\" height=\"786\" srcset=\"https:\/\/inces.gob.ve\/wp-content\/uploads\/2023\/03\/WhatsApp-Image-2023-03-11-at-6.36.42-PM.jpeg 1024w, https:\/\/inces.gob.ve\/wp-content\/uploads\/2023\/03\/WhatsApp-Image-2023-03-11-at-6.36.42-PM-300x230.jpeg 300w, https:\/\/inces.gob.ve\/wp-content\/uploads\/2023\/03\/WhatsApp-Image-2023-03-11-at-6.36.42-PM-768x590.jpeg 768w\" sizes=\"auto, (max-width: 1024px) 100vw, 1024px\" \/><\/p>\n<p>&nbsp;<\/p>\n<p style=\"text-align: justify;\"><span style=\"font-family: helvetica, arial, sans-serif; font-size: 14pt;\">Dieron la bienvenida a los 80 nuevos estudiantes el Director Ejecutivo de Formaci\u00f3n y Autoformaci\u00f3n, Jorge P\u00e9rez, la gerente regional del Inces Distrito Capital, Tania D\u00edaz y la jefa del CFS, Madeleine Hern\u00e1ndez.<\/span><\/p>\n<p style=\"text-align: justify;\"><span style=\"font-family: helvetica, arial, sans-serif; font-size: 14pt;\">Explic\u00f3 Hern\u00e1ndez que hay alumnos inscritos desde el primero hasta el quinto per\u00edodo y que entre los componentes laborales que se les ofrece est\u00e1n Gastronom\u00eda, Inform\u00e1tica y Administraci\u00f3n.<\/span><\/p>\n<p>&nbsp;<\/p>\n<p><img loading=\"lazy\" decoding=\"async\" class=\"aligncenter wp-image-49694 size-large\" src=\"https:\/\/inces.gob.ve\/wp-content\/uploads\/2023\/03\/WhatsApp-Image-2023-03-11-at-6.36.41-PM-1024x810.jpeg\" alt=\"\" width=\"640\" height=\"506\" srcset=\"https:\/\/inces.gob.ve\/wp-content\/uploads\/2023\/03\/WhatsApp-Image-2023-03-11-at-6.36.41-PM-1024x810.jpeg 1024w, https:\/\/inces.gob.ve\/wp-content\/uploads\/2023\/03\/WhatsApp-Image-2023-03-11-at-6.36.41-PM-300x237.jpeg 300w, https:\/\/inces.gob.ve\/wp-content\/uploads\/2023\/03\/WhatsApp-Image-2023-03-11-at-6.36.41-PM-768x608.jpeg 768w, https:\/\/inces.gob.ve\/wp-content\/uploads\/2023\/03\/WhatsApp-Image-2023-03-11-at-6.36.41-PM.jpeg 1280w\" sizes=\"auto, (max-width: 640px) 100vw, 640px\" \/><\/p>\n<p style=\"text-align: justify;\"><span style=\"font-family: helvetica, arial, sans-serif; font-size: 14pt;\"><span style=\"font-family: helvetica, arial, sans-serif;\">\u00abHoy estos ochenta estudiantes inician su formaci\u00f3n y esperamos que continuen hasta el final. En el Jorge Rodr\u00edguez les vamos a dar todas las herramientas necesarias. Van a cursar su componente comunitario, b\u00e1sico y laboral, todo siguiendo de manera estricta los lineamientos del Ministerio del Poder Popular para la Educaci\u00f3n\u00bb, explic\u00f3 Hern\u00e1ndez.<\/span><\/span><\/p>\n<p>&nbsp;<\/p>\n<p><img loading=\"lazy\" decoding=\"async\" class=\"aligncenter wp-image-49697 size-full\" src=\"https:\/\/inces.gob.ve\/wp-content\/uploads\/2023\/03\/WhatsApp-Image-2023-03-11-at-6.36.06-PM.jpeg\" alt=\"\" width=\"782\" height=\"601\" srcset=\"https:\/\/inces.gob.ve\/wp-content\/uploads\/2023\/03\/WhatsApp-Image-2023-03-11-at-6.36.06-PM.jpeg 782w, https:\/\/inces.gob.ve\/wp-content\/uploads\/2023\/03\/WhatsApp-Image-2023-03-11-at-6.36.06-PM-300x231.jpeg 300w, https:\/\/inces.gob.ve\/wp-content\/uploads\/2023\/03\/WhatsApp-Image-2023-03-11-at-6.36.06-PM-768x590.jpeg 768w\" sizes=\"auto, (max-width: 782px) 100vw, 782px\" \/><\/p>\n<p>&nbsp;<\/p>\n<p><span style=\"font-family: helvetica, arial, sans-serif; font-size: 14pt;\">El bachillerato que ofrece el Inces genera el t\u00edtulo avalado y firmado por el Ministerio de Educaci\u00f3n con el agregado de una formaci\u00f3n, elegida por el participante, donde aprende una ocupaci\u00f3n productiva que lo prepara para el mundo del trabajo.<\/span><\/p>\n<p>&nbsp;<\/p>\n<p><img loading=\"lazy\" decoding=\"async\" class=\"aligncenter wp-image-49696 size-full\" src=\"https:\/\/inces.gob.ve\/wp-content\/uploads\/2023\/03\/WhatsApp-Image-2023-03-11-at-6.36.37-PM.jpeg\" alt=\"\" width=\"995\" height=\"764\" srcset=\"https:\/\/inces.gob.ve\/wp-content\/uploads\/2023\/03\/WhatsApp-Image-2023-03-11-at-6.36.37-PM.jpeg 995w, https:\/\/inces.gob.ve\/wp-content\/uploads\/2023\/03\/WhatsApp-Image-2023-03-11-at-6.36.37-PM-300x230.jpeg 300w, https:\/\/inces.gob.ve\/wp-content\/uploads\/2023\/03\/WhatsApp-Image-2023-03-11-at-6.36.37-PM-768x590.jpeg 768w\" sizes=\"auto, (max-width: 995px) 100vw, 995px\" \/><\/p>\n<p><span style=\"font-family: helvetica, arial, sans-serif; font-size: 14pt;\">Las inscripciones se abrir\u00e1n de nuevo en el mes de septiembre, en todo el pa\u00eds, para aquellas personas interesadas en culminar o iniciar sus estudios de bachillerato. Como requisito se debe estar desvinculado de la educaci\u00f3n formal y tener m\u00e1s de 15 a\u00f1os, aunado a algunos documentos como la c\u00e9dula de identidad y notas certificadas.<\/span><\/p>\n<p style=\"text-align: justify;\">\n","protected":false},"excerpt":{"rendered":"<p>** Despu\u00e9s de muchos a\u00f1os, el centro de formaci\u00f3n ubicado en\u00a0 la avenida Nueva Granada abri\u00f3 la opci\u00f3n para estudiar bachillerato\u00a0<\/p>\n","protected":false},"author":4,"featured_media":49695,"comment_status":"closed","ping_status":"closed","sticky":false,"template":"","format":"standard","meta":{"footnotes":""},"categories":[2],"tags":[],"class_list":["post-49692","post","type-post","status-publish","format-standard","has-post-thumbnail","hentry","category-blog"],"_links":{"self":[{"href":"https:\/\/inces.gob.ve\/index.php\/wp-json\/wp\/v2\/posts\/49692","targetHints":{"allow":["GET"]}}],"collection":[{"href":"https:\/\/inces.gob.ve\/index.php\/wp-json\/wp\/v2\/posts"}],"about":[{"href":"https:\/\/inces.gob.ve\/index.php\/wp-json\/wp\/v2\/types\/post"}],"author":[{"embeddable":true,"href":"https:\/\/inces.gob.ve\/index.php\/wp-json\/wp\/v2\/users\/4"}],"replies":[{"embeddable":true,"href":"https:\/\/inces.gob.ve\/index.php\/wp-json\/wp\/v2\/comments?post=49692"}],"version-history":[{"count":1,"href":"https:\/\/inces.gob.ve\/index.php\/wp-json\/wp\/v2\/posts\/49692\/revisions"}],"predecessor-version":[{"id":49698,"href":"https:\/\/inces.gob.ve\/index.php\/wp-json\/wp\/v2\/posts\/49692\/revisions\/49698"}],"wp:featuredmedia":[{"embeddable":true,"href":"https:\/\/inces.gob.ve\/index.php\/wp-json\/wp\/v2\/media\/49695"}],"wp:attachment":[{"href":"https:\/\/inces.gob.ve\/index.php\/wp-json\/wp\/v2\/media?parent=49692"}],"wp:term":[{"taxonomy":"category","embeddable":true,"href":"https:\/\/inces.gob.ve\/index.php\/wp-json\/wp\/v2\/categories?post=49692"},{"taxonomy":"post_tag","embeddable":true,"href":"https:\/\/inces.gob.ve\/index.php\/wp-json\/wp\/v2\/tags?post=49692"}],"curies":[{"name":"wp","href":"https:\/\/api.w.org\/{rel}","templated":true}]}}