{"id":49706,"date":"2023-03-09T09:30:54","date_gmt":"2023-03-09T13:30:54","guid":{"rendered":"https:\/\/inces.gob.ve\/?p=49706"},"modified":"2023-03-13T09:33:24","modified_gmt":"2023-03-13T13:33:24","slug":"aragua-el-cfs-cagua-se-prepara-para-mejorar-sus-espacios-formativos-y-afianza-alianzas-con-alcaldia-del-municipio-sucre","status":"publish","type":"post","link":"https:\/\/inces.gob.ve\/index.php\/2023\/03\/09\/aragua-el-cfs-cagua-se-prepara-para-mejorar-sus-espacios-formativos-y-afianza-alianzas-con-alcaldia-del-municipio-sucre\/","title":{"rendered":"ARAGUA | El CFS Cagua se prepara para mejorar sus espacios formativos y afianza alianzas con Alcald\u00eda del municipio Sucre"},"content":{"rendered":"<p style=\"text-align: justify;\"><em><span style=\"color: #222222; font-family: helvetica, arial, sans-serif; font-size: 14pt;\"><b>** Este a\u00f1o se vislumbra, mediante el enlace con las autoridades, el embellecimiento de la estructura, recuperaci\u00f3n y adecuaci\u00f3n de nuevos ambientes que sirvan de espacios formativo productivos<\/b><\/span><\/em><!--more--><\/p>\n<p>&nbsp;<\/p>\n<p>&nbsp;<\/p>\n<p style=\"text-align: justify;\"><span style=\"color: #222222; font-family: helvetica, arial, sans-serif; font-size: 14pt;\"><b>NINOSKA PATRIZ<\/b><\/span><\/p>\n<p style=\"text-align: justify;\"><span style=\"color: #222222; font-family: helvetica, arial, sans-serif; font-size: 14pt;\">Dando cumplimiento de los lineamientos del presidente Nicol\u00e1s Maduro y del titular del Inces, Wuikelman Angel, respecto a la educaci\u00f3n como pol\u00edtica p\u00fablica del sistema educativo en el pa\u00eds y la formaci\u00f3n t\u00e9cnica profesional para el trabajo en todos los espacios de formaci\u00f3n que requiere la Patria, se visitaron espacios de la alcald\u00eda del municipio Sucre, en aras de solucionar y mejorar las condiciones del Centro de Formaci\u00f3n Socialista (CFS) Inces Cagua.<\/span><\/p>\n<p>&nbsp;<\/p>\n<p style=\"text-align: justify;\"><span style=\"color: #222222; font-family: helvetica, arial, sans-serif; font-size: 14pt;\">En el mismo orden de ideas se realiz\u00f3 el enlace con el director de cultura del municipio Sucre tambi\u00e9n en la b\u00fasqueda de espacios para desarrollar nuevas formaciones desde el CFS Inces Cagua. <\/span><\/p>\n<p>&nbsp;<\/p>\n<p style=\"text-align: justify;\"><span style=\"color: #222222; font-family: helvetica, arial, sans-serif; font-size: 14pt;\">\u201cEl Inces ofrece la mejor formaci\u00f3n y autoformaci\u00f3n productiva de Venezuela, a trav\u00e9s de distintas estrategias y modalidades formativas, tales como: proyectos productivos, cursos de ampliaci\u00f3n y en l\u00ednea, talleres, diplomados, seminarios, entre otros\u201d, recalc\u00f3 Yelitza Rodriguez, gerente del Inces Regi\u00f3n Aragua, quien estuvo acompa\u00f1ada del equipo de trabajo del CFS Inces Cagua.<\/span><\/p>\n<p>&nbsp;<\/p>\n<p style=\"text-align: justify;\"><span style=\"color: #222222; font-family: helvetica, arial, sans-serif; font-size: 14pt;\">\u201cLa formaci\u00f3n t\u00e9cnica profesional tiene como fin el desarrollar habilidades y destrezas para el trabajo, junto a escuelas t\u00e9cnicas y de artes u oficios, en conjunto con los organismos del Estado y las fuerzas vivas de la Patria, el Inces es el responsable de formar el talento t\u00e9cnico\u201d, agreg\u00f3 Rodr\u00edguez.<\/span><\/p>\n<p>&nbsp;<\/p>\n<p style=\"text-align: justify;\"><span style=\"color: #222222; font-family: helvetica, arial, sans-serif; font-size: 14pt;\">\u201cNuestro norte es y ser\u00e1 ense\u00f1ar, desde la educaci\u00f3n inicial, a trabajar para el pa\u00eds, por la tierra, por sus industrias, por los servicios p\u00fablicos y fomentar todas aquellas ocupaciones productivas y carreras t\u00e9cnicas que sean necesarias para el desarrollo del pa\u00eds y de su sistema econ\u00f3mico\u201d, finaliz\u00f3 la gerente.<\/span><\/p>\n<div style=\"text-align: justify;\"><\/div>\n","protected":false},"excerpt":{"rendered":"<p>** Este a\u00f1o se vislumbra, mediante el enlace con las autoridades, el embellecimiento de la estructura, recuperaci\u00f3n y adecuaci\u00f3n de nuevos ambientes que sirvan de espacios formativo productivos<\/p>\n","protected":false},"author":4,"featured_media":43184,"comment_status":"closed","ping_status":"closed","sticky":false,"template":"","format":"standard","meta":{"footnotes":""},"categories":[2],"tags":[],"class_list":["post-49706","post","type-post","status-publish","format-standard","has-post-thumbnail","hentry","category-blog"],"_links":{"self":[{"href":"https:\/\/inces.gob.ve\/index.php\/wp-json\/wp\/v2\/posts\/49706","targetHints":{"allow":["GET"]}}],"collection":[{"href":"https:\/\/inces.gob.ve\/index.php\/wp-json\/wp\/v2\/posts"}],"about":[{"href":"https:\/\/inces.gob.ve\/index.php\/wp-json\/wp\/v2\/types\/post"}],"author":[{"embeddable":true,"href":"https:\/\/inces.gob.ve\/index.php\/wp-json\/wp\/v2\/users\/4"}],"replies":[{"embeddable":true,"href":"https:\/\/inces.gob.ve\/index.php\/wp-json\/wp\/v2\/comments?post=49706"}],"version-history":[{"count":1,"href":"https:\/\/inces.gob.ve\/index.php\/wp-json\/wp\/v2\/posts\/49706\/revisions"}],"predecessor-version":[{"id":49707,"href":"https:\/\/inces.gob.ve\/index.php\/wp-json\/wp\/v2\/posts\/49706\/revisions\/49707"}],"wp:featuredmedia":[{"embeddable":true,"href":"https:\/\/inces.gob.ve\/index.php\/wp-json\/wp\/v2\/media\/43184"}],"wp:attachment":[{"href":"https:\/\/inces.gob.ve\/index.php\/wp-json\/wp\/v2\/media?parent=49706"}],"wp:term":[{"taxonomy":"category","embeddable":true,"href":"https:\/\/inces.gob.ve\/index.php\/wp-json\/wp\/v2\/categories?post=49706"},{"taxonomy":"post_tag","embeddable":true,"href":"https:\/\/inces.gob.ve\/index.php\/wp-json\/wp\/v2\/tags?post=49706"}],"curies":[{"name":"wp","href":"https:\/\/api.w.org\/{rel}","templated":true}]}}