{"id":49883,"date":"2023-03-20T11:43:15","date_gmt":"2023-03-20T15:43:15","guid":{"rendered":"https:\/\/inces.gob.ve\/?p=49883"},"modified":"2023-03-20T11:44:10","modified_gmt":"2023-03-20T15:44:10","slug":"zulia-el-equipo-del-inces-sumo-respaldo-a-estructuras-de-los-centros-de-desarrollo-de-la-calidad-educativa","status":"publish","type":"post","link":"https:\/\/inces.gob.ve\/index.php\/2023\/03\/20\/zulia-el-equipo-del-inces-sumo-respaldo-a-estructuras-de-los-centros-de-desarrollo-de-la-calidad-educativa\/","title":{"rendered":"ZULIA | El equipo del Inces sum\u00f3 respaldo a Estructuras de los Centros de Desarrollo de la Calidad Educativa"},"content":{"rendered":"<div dir=\"auto\"><em><strong><span style=\"font-family: helvetica, arial, sans-serif; font-size: 14pt;\">** El equipo del Inces Zulia se sum\u00f3 a la actividad liderada por la la Ministra del Poder Popular para la Educaci\u00f3n Yelitze Santaella en Maracaibo, para avanzar en materia de calidad y procesos educativos<\/span><\/strong><\/em><\/div>\n<p><!--more--><\/p>\n<div dir=\"auto\"><\/div>\n<div>\n<div dir=\"auto\" style=\"text-align: justify;\"><em><strong><span style=\"font-family: helvetica, arial, sans-serif; font-size: 14pt;\">\u00a0<\/span><\/strong><\/em><span style=\"font-family: helvetica, arial, sans-serif; font-size: 14pt;\">MARIANA ALBARR\u00c1N \/ LENIN R\u00cdOS\u00a0<\/span><\/div>\n<div dir=\"auto\" style=\"text-align: justify;\"><\/div>\n<div dir=\"auto\" style=\"text-align: justify;\"><span style=\"font-family: helvetica, arial, sans-serif; font-size: 14pt;\">Colmados de la algarab\u00eda que caracteriza a la muchachada de la patria, de la Escuela B\u00e1sica Nacional Luis Homez, de la parroquia Francisco Eugenio Bustamante de Maracaibo, este viernes, el equipo del Instituto Nacional de Capacitaci\u00f3n y Educaci\u00f3n Socialista (Inces), en el Zulia, se sum\u00f3 al Encuentro con las Estructuras de los Centros de Desarrollo de la Calidad Educativa del Estado Zulia y los Promotores por la Calidad Educativa Estadal, actividad liderada por la Ministra del Poder Popular para la Educaci\u00f3n Yelitze Santaella.\u00a0<\/span><\/div>\n<div dir=\"auto\" style=\"text-align: justify;\"><\/div>\n<div dir=\"auto\" style=\"text-align: justify;\"><span style=\"font-family: helvetica, arial, sans-serif; font-size: 14pt;\">En Venezuela, el fortalecimiento de las pol\u00edticas educativa, sin duda, responden a la transformaci\u00f3n del sector y a los desaf\u00edos que implica la Nueva \u00c9poca, que se consolidan en colectivo, a trav\u00e9s de la discusi\u00f3n de propuestas y planes, que en el occidente, \u00a0cont\u00f3 con la \u00a0participaci\u00f3n del sistema t\u00e9cnico profesional, del Inces Zulia, grupo liderado por el Gerente Regional Jos\u00e9 Vicente Far\u00edas Echeverri, Jefes de Centro de Formaci\u00f3n Socialistas y Maestros T\u00e9cnicos.\u00a0<\/span><\/div>\n<div dir=\"auto\" style=\"text-align: justify;\"><\/div>\n<div dir=\"auto\" style=\"text-align: justify;\"><span style=\"font-family: helvetica, arial, sans-serif; font-size: 14pt;\">\u201cLa tarea de la educaci\u00f3n es una acci\u00f3n de vocaci\u00f3n hermosa. Tenemos una misi\u00f3n de amor, pero a su vez, un gran desaf\u00edo para atender a nuestros ni\u00f1os y ni\u00f1as, para seguir sembrando patria y avanzar a la transformaci\u00f3n educativa, anclada a objetivos de desarrollo sostenible para Venezuela, en un momento hist\u00f3rico\u201d, se\u00f1al\u00f3 la Ministra del Poder Popular para la Educaci\u00f3n.\u00a0<\/span><\/div>\n<div dir=\"auto\" style=\"text-align: justify;\"><\/div>\n<div dir=\"auto\" style=\"text-align: justify;\"><span style=\"font-family: helvetica, arial, sans-serif; font-size: 14pt;\">Al respecto, el Gerente del Inces Zulia, aport\u00f3 que bajo lineamientos del Viceministro de Comunidades Educativas y Uni\u00f3n con el Pueblo y Presidente de la Instituci\u00f3n, Wuikelman \u00c1ngel Paredes, se viene dando una serie de pasos, que aportan esperanza y voluntad, desde la formaci\u00f3n t\u00e9cnica, que busca el desarrollo de la econom\u00eda productiva, diversificada y de emprendedores, reflejada en la transformaci\u00f3n curricular y digital del Inces. \u00a0\u201cVenezuela encontr\u00f3 su camino de crecimiento, desarrollo, avance y prosperidad y de ah\u00ed, nadie ni nada nos saca, que no es otro que la educaci\u00f3n\u201d<\/span><\/div>\n<\/div>\n<p>&nbsp;<\/p>\n","protected":false},"excerpt":{"rendered":"<p>** El equipo del Inces Zulia se sum\u00f3 a la actividad liderada por la la Ministra del Poder Popular para la Educaci\u00f3n Yelitze Santaella en Maracaibo, para avanzar en materia de calidad y procesos educativos<\/p>\n","protected":false},"author":15,"featured_media":28829,"comment_status":"closed","ping_status":"closed","sticky":false,"template":"","format":"standard","meta":{"footnotes":""},"categories":[2],"tags":[],"class_list":["post-49883","post","type-post","status-publish","format-standard","has-post-thumbnail","hentry","category-blog"],"_links":{"self":[{"href":"https:\/\/inces.gob.ve\/index.php\/wp-json\/wp\/v2\/posts\/49883","targetHints":{"allow":["GET"]}}],"collection":[{"href":"https:\/\/inces.gob.ve\/index.php\/wp-json\/wp\/v2\/posts"}],"about":[{"href":"https:\/\/inces.gob.ve\/index.php\/wp-json\/wp\/v2\/types\/post"}],"author":[{"embeddable":true,"href":"https:\/\/inces.gob.ve\/index.php\/wp-json\/wp\/v2\/users\/15"}],"replies":[{"embeddable":true,"href":"https:\/\/inces.gob.ve\/index.php\/wp-json\/wp\/v2\/comments?post=49883"}],"version-history":[{"count":2,"href":"https:\/\/inces.gob.ve\/index.php\/wp-json\/wp\/v2\/posts\/49883\/revisions"}],"predecessor-version":[{"id":49885,"href":"https:\/\/inces.gob.ve\/index.php\/wp-json\/wp\/v2\/posts\/49883\/revisions\/49885"}],"wp:featuredmedia":[{"embeddable":true,"href":"https:\/\/inces.gob.ve\/index.php\/wp-json\/wp\/v2\/media\/28829"}],"wp:attachment":[{"href":"https:\/\/inces.gob.ve\/index.php\/wp-json\/wp\/v2\/media?parent=49883"}],"wp:term":[{"taxonomy":"category","embeddable":true,"href":"https:\/\/inces.gob.ve\/index.php\/wp-json\/wp\/v2\/categories?post=49883"},{"taxonomy":"post_tag","embeddable":true,"href":"https:\/\/inces.gob.ve\/index.php\/wp-json\/wp\/v2\/tags?post=49883"}],"curies":[{"name":"wp","href":"https:\/\/api.w.org\/{rel}","templated":true}]}}