{"id":49922,"date":"2023-03-15T19:46:48","date_gmt":"2023-03-15T23:46:48","guid":{"rendered":"https:\/\/inces.gob.ve\/?p=49922"},"modified":"2023-03-20T19:48:25","modified_gmt":"2023-03-20T23:48:25","slug":"yaracuy-inces-presenta-nueva-metodologia-de-formacion-a-empresa-cantv","status":"publish","type":"post","link":"https:\/\/inces.gob.ve\/index.php\/2023\/03\/15\/yaracuy-inces-presenta-nueva-metodologia-de-formacion-a-empresa-cantv\/","title":{"rendered":"YARACUY | Inces presenta nueva metodolog\u00eda de formaci\u00f3n a Empresa Cantv"},"content":{"rendered":"<p style=\"font-weight: 400; text-align: justify;\"><span style=\"font-family: helvetica, arial, sans-serif; font-size: 14pt;\"><em>***Los programas formativos ser\u00e1n direccionados al personal y a responsables<\/em><strong>\u00a0<\/strong><em>de las mesas t\u00e9cnicas de telecomunicaciones<\/em><!--more--><\/span><\/p>\n<p style=\"text-align: justify;\">\n<p style=\"font-weight: 400; text-align: justify;\"><span style=\"font-family: helvetica, arial, sans-serif; font-size: 14pt;\"><strong>YOLAICE VARGAS <\/strong><\/span><\/p>\n<p style=\"font-weight: 400; text-align: justify;\"><span style=\"font-family: helvetica, arial, sans-serif; font-size: 14pt;\">En reuni\u00f3n sostenida entre representantes del Instituto Nacional de Capacitaci\u00f3n y Educaci\u00f3n Socialista (Inces) regi\u00f3n Yaracuy, con personal de la empresa telef\u00f3nica Cantv, fue presentada la nueva propuesta formativa del ente para este a\u00f1o 2023.<\/span><\/p>\n<p style=\"text-align: justify;\">\n<p style=\"font-weight: 400; text-align: justify;\"><span style=\"font-family: helvetica, arial, sans-serif; font-size: 14pt;\">En el encuentro los coordinadores de diferentes departamentos del Inces, explicaron cu\u00e1l es la nueva metodolog\u00eda a implementarse para el proceso de capacitaci\u00f3n y formaci\u00f3n en las entidades de trabajo, al igual que en las comunidades o espacios en donde se encuentre involucrada la empresa, comunidad y el ente formador (Inces).<\/span><\/p>\n<p style=\"text-align: justify;\">\n<p style=\"font-weight: 400; text-align: justify;\"><span style=\"font-family: helvetica, arial, sans-serif; font-size: 14pt;\">Los responsables de dar a conocer la informaci\u00f3n ante los representantes de la estatal telef\u00f3nica, mencionaron que existen una nueva modalidad para el proceso de inscripci\u00f3n, el cual se hace un registro a trav\u00e9s de la plataforma del sistema Hacer, de igual modo dieron a conocer la existencia de ocupaciones o unidades curriculares, tanto de manera presencial as\u00ed como v\u00eda online.<\/span><\/p>\n<p style=\"text-align: justify;\">\n<p style=\"font-weight: 400; text-align: justify;\"><span style=\"font-family: helvetica, arial, sans-serif; font-size: 14pt;\">El\u00a0\u00a0coordinador de la gerencia de fortalecimiento del poder popular de Cantv,\u00a0\u00a0Nix\u00f3n L\u00f3pez,\u00a0\u00a0\u00a0manifest\u00f3 que, en el encuentro se realiz\u00f3 un primer abordaje en cuanto a la\u00a0\u00a0planificaci\u00f3n para las pr\u00f3ximas formaciones que se establecer\u00e1n, gracias a la alianza que existe entre el Inces y Cantv.<\/span><\/p>\n<p style=\"text-align: justify;\">\n<p style=\"font-weight: 400; text-align: justify;\"><span style=\"font-family: helvetica, arial, sans-serif; font-size: 14pt;\">Destac\u00f3 que el fin es potenciar algunas \u00e1reas del saber que demandan los trabajadores y los voceros de las mesas t\u00e9cnicas de telecomunicaciones, precis\u00f3 que es necesario conocer todo lo nuevo que trae el Inces en este a\u00f1o 2023, en aras de seguir avanzando en el desarrollo t\u00e9cnico profesional de la colectividad.<\/span><\/p>\n","protected":false},"excerpt":{"rendered":"<p>***Los programas formativos ser\u00e1n direccionados al personal y a responsables\u00a0de las mesas t\u00e9cnicas de telecomunicaciones<\/p>\n","protected":false},"author":4,"featured_media":43400,"comment_status":"closed","ping_status":"closed","sticky":false,"template":"","format":"standard","meta":{"footnotes":""},"categories":[2],"tags":[],"class_list":["post-49922","post","type-post","status-publish","format-standard","has-post-thumbnail","hentry","category-blog"],"_links":{"self":[{"href":"https:\/\/inces.gob.ve\/index.php\/wp-json\/wp\/v2\/posts\/49922","targetHints":{"allow":["GET"]}}],"collection":[{"href":"https:\/\/inces.gob.ve\/index.php\/wp-json\/wp\/v2\/posts"}],"about":[{"href":"https:\/\/inces.gob.ve\/index.php\/wp-json\/wp\/v2\/types\/post"}],"author":[{"embeddable":true,"href":"https:\/\/inces.gob.ve\/index.php\/wp-json\/wp\/v2\/users\/4"}],"replies":[{"embeddable":true,"href":"https:\/\/inces.gob.ve\/index.php\/wp-json\/wp\/v2\/comments?post=49922"}],"version-history":[{"count":1,"href":"https:\/\/inces.gob.ve\/index.php\/wp-json\/wp\/v2\/posts\/49922\/revisions"}],"predecessor-version":[{"id":49923,"href":"https:\/\/inces.gob.ve\/index.php\/wp-json\/wp\/v2\/posts\/49922\/revisions\/49923"}],"wp:featuredmedia":[{"embeddable":true,"href":"https:\/\/inces.gob.ve\/index.php\/wp-json\/wp\/v2\/media\/43400"}],"wp:attachment":[{"href":"https:\/\/inces.gob.ve\/index.php\/wp-json\/wp\/v2\/media?parent=49922"}],"wp:term":[{"taxonomy":"category","embeddable":true,"href":"https:\/\/inces.gob.ve\/index.php\/wp-json\/wp\/v2\/categories?post=49922"},{"taxonomy":"post_tag","embeddable":true,"href":"https:\/\/inces.gob.ve\/index.php\/wp-json\/wp\/v2\/tags?post=49922"}],"curies":[{"name":"wp","href":"https:\/\/api.w.org\/{rel}","templated":true}]}}