{"id":49960,"date":"2023-03-21T16:12:49","date_gmt":"2023-03-21T20:12:49","guid":{"rendered":"https:\/\/inces.gob.ve\/?p=49960"},"modified":"2023-03-21T20:22:56","modified_gmt":"2023-03-22T00:22:56","slug":"amazonas-iniciamos-con-la-formacioon-de-electricidad-basica","status":"publish","type":"post","link":"https:\/\/inces.gob.ve\/index.php\/2023\/03\/21\/amazonas-iniciamos-con-la-formacioon-de-electricidad-basica\/","title":{"rendered":"AMAZONAS | Iniciamos con la formaci\u00f3n de Electricidad B\u00e1sica"},"content":{"rendered":"<div dir=\"auto\" style=\"text-align: justify;\"><span style=\"font-family: helvetica, arial, sans-serif; font-size: 14pt;\">*<em><strong>*El Instituto Nacional de Capacitaci\u00f3n y Educaci\u00f3n Socialista (Inces) contin\u00faa formando al pueblo amazonense, como parte de la nueva unidad curricular y formaci\u00f3n que lleva acabo nuestra instituci\u00f3n<\/strong><\/em><\/span><\/div>\n<p><!--more--><\/p>\n<div dir=\"auto\"><\/div>\n<div dir=\"auto\" style=\"text-align: justify;\"><span style=\"font-family: helvetica, arial, sans-serif; font-size: 14pt;\"> El d\u00eda de hoy se dio inicio a la formaci\u00f3n de Electricidad B\u00e1sica impartida por el maestro t\u00e9cnico productivo(MTP) Jes\u00fas Camico que cuenta con 22 participantes. Cabe mencionar que dicha formacion es te\u00f3rico-pr\u00e1ctica.<\/span><\/div>\n<div dir=\"auto\"><img loading=\"lazy\" decoding=\"async\" class=\"aligncenter wp-image-49961 size-full\" src=\"https:\/\/inces.gob.ve\/wp-content\/uploads\/2023\/03\/formacioon-1--e1679429501676.webp\" alt=\"\" width=\"800\" height=\"800\" srcset=\"https:\/\/inces.gob.ve\/wp-content\/uploads\/2023\/03\/formacioon-1--e1679429501676.webp 800w, https:\/\/inces.gob.ve\/wp-content\/uploads\/2023\/03\/formacioon-1--e1679429501676-300x300.webp 300w, https:\/\/inces.gob.ve\/wp-content\/uploads\/2023\/03\/formacioon-1--e1679429501676-150x150.webp 150w, https:\/\/inces.gob.ve\/wp-content\/uploads\/2023\/03\/formacioon-1--e1679429501676-768x768.webp 768w\" sizes=\"auto, (max-width: 800px) 100vw, 800px\" \/><\/div>\n<div dir=\"auto\" style=\"text-align: justify;\"><\/div>\n<div dir=\"auto\" style=\"text-align: justify;\"><span style=\"font-family: helvetica, arial, sans-serif; font-size: 14pt;\">Esta Unidad curricular tiene como prop\u00f3sito formar sujetos con capacidades, habilidades, destrezas y actitudes vinculadas al dominio de conceptos b\u00e1sicos de electricidad, el manejo de los instrumentos de medici\u00f3n, la familiarizaci\u00f3n de los diversos elementos y componentes el\u00e9ctricos usados en la industria\u00a0 y de las normas de seguridad e higiene con un alto grado de responsabilidad y \u00e9tica.<\/span><\/div>\n<div dir=\"auto\">\ufffc<\/div>\n<div dir=\"auto\" style=\"text-align: justify;\"><\/div>\n<div dir=\"auto\" style=\"text-align: justify;\"><span style=\"font-family: helvetica, arial, sans-serif; font-size: 14pt;\">Dicha formaci\u00f3n es impartida en las instalaciones del centro de formaci\u00f3n socialista (CFS) Cacique Aramare, ubicado en la ciudad de Puerto Ayacucho.<\/span><\/div>\n<div class=\"yj6qo\"><\/div>\n<div class=\"adL\" dir=\"auto\"><\/div>\n","protected":false},"excerpt":{"rendered":"<p>**El Instituto Nacional de Capacitaci\u00f3n y Educaci\u00f3n Socialista (Inces) contin\u00faa formando al pueblo amazonense, como parte de la nueva unidad curricular y formaci\u00f3n que lleva acabo nuestra instituci\u00f3n<\/p>\n","protected":false},"author":15,"featured_media":49963,"comment_status":"closed","ping_status":"closed","sticky":false,"template":"","format":"standard","meta":{"footnotes":""},"categories":[2],"tags":[],"class_list":["post-49960","post","type-post","status-publish","format-standard","has-post-thumbnail","hentry","category-blog"],"_links":{"self":[{"href":"https:\/\/inces.gob.ve\/index.php\/wp-json\/wp\/v2\/posts\/49960","targetHints":{"allow":["GET"]}}],"collection":[{"href":"https:\/\/inces.gob.ve\/index.php\/wp-json\/wp\/v2\/posts"}],"about":[{"href":"https:\/\/inces.gob.ve\/index.php\/wp-json\/wp\/v2\/types\/post"}],"author":[{"embeddable":true,"href":"https:\/\/inces.gob.ve\/index.php\/wp-json\/wp\/v2\/users\/15"}],"replies":[{"embeddable":true,"href":"https:\/\/inces.gob.ve\/index.php\/wp-json\/wp\/v2\/comments?post=49960"}],"version-history":[{"count":2,"href":"https:\/\/inces.gob.ve\/index.php\/wp-json\/wp\/v2\/posts\/49960\/revisions"}],"predecessor-version":[{"id":49965,"href":"https:\/\/inces.gob.ve\/index.php\/wp-json\/wp\/v2\/posts\/49960\/revisions\/49965"}],"wp:featuredmedia":[{"embeddable":true,"href":"https:\/\/inces.gob.ve\/index.php\/wp-json\/wp\/v2\/media\/49963"}],"wp:attachment":[{"href":"https:\/\/inces.gob.ve\/index.php\/wp-json\/wp\/v2\/media?parent=49960"}],"wp:term":[{"taxonomy":"category","embeddable":true,"href":"https:\/\/inces.gob.ve\/index.php\/wp-json\/wp\/v2\/categories?post=49960"},{"taxonomy":"post_tag","embeddable":true,"href":"https:\/\/inces.gob.ve\/index.php\/wp-json\/wp\/v2\/tags?post=49960"}],"curies":[{"name":"wp","href":"https:\/\/api.w.org\/{rel}","templated":true}]}}