{"id":50023,"date":"2023-03-24T18:42:12","date_gmt":"2023-03-24T22:42:12","guid":{"rendered":"https:\/\/inces.gob.ve\/?p=50023"},"modified":"2023-03-25T10:27:03","modified_gmt":"2023-03-25T14:27:03","slug":"cojedes-continuan-las-inscripciones-para-optar-al-titulo-bachiller-productivo","status":"publish","type":"post","link":"https:\/\/inces.gob.ve\/index.php\/2023\/03\/24\/cojedes-continuan-las-inscripciones-para-optar-al-titulo-bachiller-productivo\/","title":{"rendered":"COJEDES | Contin\u00faan las inscripciones para optar al t\u00edtulo bachiller productivo"},"content":{"rendered":"<p style=\"text-align: justify;\"><strong><em><span style=\"font-family: helvetica, arial, sans-serif; font-size: 14pt;\">** El t\u00edtulo es avalado por el Ministerio del poder popular para la educaci\u00f3n<\/span><\/em><\/strong><br \/>\n<!--more--><\/p>\n<p>&nbsp;<\/p>\n<p style=\"text-align: justify;\"><span style=\"font-family: helvetica, arial, sans-serif; font-size: 14pt;\">El Instituto Nacional de Capacitaci\u00f3n y Educaci\u00f3n Socialista (Inces), a trav\u00e9s de la Coordinaci\u00f3n de E<\/span><span style=\"font-family: helvetica, arial, sans-serif; font-size: 14pt;\">ducaci\u00f3n B\u00e1sica, est\u00e1 atendiendo el proceso de inscripci\u00f3n de los aspirantes a cursar estudios <\/span><span style=\"font-family: helvetica, arial, sans-serif; font-size: 14pt;\">de bachillerato productivo. <\/span><\/p>\n<p>&nbsp;<\/p>\n<p style=\"text-align: justify;\"><span style=\"font-family: helvetica, arial, sans-serif; font-size: 14pt;\">En esta oportunidad, el responsable de la coordinaci\u00f3n Ender Moncada, <\/span><span style=\"font-family: helvetica, arial, sans-serif; font-size: 14pt;\">junto a su equipo, informan sobre el proceso y los requisitos.<\/span><\/p>\n<p>&nbsp;<\/p>\n<p style=\"text-align: justify;\"><span style=\"font-family: helvetica, arial, sans-serif; font-size: 14pt;\">En lo que respecta al estado Cojedes, los estudiantes cuentan con tres sedes para iniciarse en los <\/span><span style=\"font-family: helvetica, arial, sans-serif; font-size: 14pt;\">estudios de b\u00e1sica y culminar el bachillerato productivo: e<\/span><span style=\"font-family: helvetica, arial, sans-serif; font-size: 14pt;\">n el municipio San Carlos, a trav\u00e9s de la <\/span><span style=\"font-family: helvetica, arial, sans-serif; font-size: 14pt;\">Unidad Educativa de Talento Deportivo \u201cLuis Paisa Salcedo\u201d; en el municipio Tinaco, en la Escuela <\/span><span style=\"font-family: helvetica, arial, sans-serif; font-size: 14pt;\">Primaria \u201cCreaci\u00f3n\u201d y en el municipio Girardot, el Liceo Nacional Bolivariana Higinio Morales.<\/span><\/p>\n<p style=\"text-align: justify;\"><span style=\"font-family: helvetica, arial, sans-serif; font-size: 14pt;\">Indic\u00f3, Moncada, que los recaudos que deben consignar ante la coordinaci\u00f3n son el certificado de <\/span><span style=\"font-family: helvetica, arial, sans-serif; font-size: 14pt;\">calificaciones o comprobante de 6to grado, en original y copia; dos fotos tipo carnet, original y <\/span><span style=\"font-family: helvetica, arial, sans-serif; font-size: 14pt;\">copia de la partida de nacimiento, c\u00e9dula de identidad y un correo electr\u00f3nico. <\/span><\/p>\n<p>&nbsp;<\/p>\n<p style=\"text-align: justify;\"><span style=\"font-family: helvetica, arial, sans-serif; font-size: 14pt;\">Es requisito <\/span><span style=\"font-family: helvetica, arial, sans-serif; font-size: 14pt;\">indispensable que el estudiante tenga 15 a\u00f1os o m\u00e1s y que tenga al menos un a\u00f1o desvinculado de <\/span><span style=\"font-family: helvetica, arial, sans-serif; font-size: 14pt;\">la educaci\u00f3n formal, o que haya repetido un mismo a\u00f1o dos veces.<\/span><\/p>\n<p>&nbsp;<\/p>\n<p style=\"text-align: justify;\"><span style=\"font-family: helvetica, arial, sans-serif; font-size: 14pt;\">Esta es una excelente oportunidad para los j\u00f3venes y adultos que deseen culminar sus estudios de <\/span><span style=\"font-family: helvetica, arial, sans-serif; font-size: 14pt;\">bachillerato y deseen proseguir el nivel universitario, puntualiz\u00f3, el coordinador de educaci\u00f3n <\/span><span style=\"font-family: helvetica, arial, sans-serif; font-size: 14pt;\">b\u00e1sica.<\/span><\/p>\n","protected":false},"excerpt":{"rendered":"<p>** El t\u00edtulo es avalado por el Ministerio del poder popular para la educaci\u00f3n<\/p>\n","protected":false},"author":4,"featured_media":43182,"comment_status":"closed","ping_status":"closed","sticky":false,"template":"","format":"standard","meta":{"footnotes":""},"categories":[2],"tags":[],"class_list":["post-50023","post","type-post","status-publish","format-standard","has-post-thumbnail","hentry","category-blog"],"_links":{"self":[{"href":"https:\/\/inces.gob.ve\/index.php\/wp-json\/wp\/v2\/posts\/50023","targetHints":{"allow":["GET"]}}],"collection":[{"href":"https:\/\/inces.gob.ve\/index.php\/wp-json\/wp\/v2\/posts"}],"about":[{"href":"https:\/\/inces.gob.ve\/index.php\/wp-json\/wp\/v2\/types\/post"}],"author":[{"embeddable":true,"href":"https:\/\/inces.gob.ve\/index.php\/wp-json\/wp\/v2\/users\/4"}],"replies":[{"embeddable":true,"href":"https:\/\/inces.gob.ve\/index.php\/wp-json\/wp\/v2\/comments?post=50023"}],"version-history":[{"count":2,"href":"https:\/\/inces.gob.ve\/index.php\/wp-json\/wp\/v2\/posts\/50023\/revisions"}],"predecessor-version":[{"id":50031,"href":"https:\/\/inces.gob.ve\/index.php\/wp-json\/wp\/v2\/posts\/50023\/revisions\/50031"}],"wp:featuredmedia":[{"embeddable":true,"href":"https:\/\/inces.gob.ve\/index.php\/wp-json\/wp\/v2\/media\/43182"}],"wp:attachment":[{"href":"https:\/\/inces.gob.ve\/index.php\/wp-json\/wp\/v2\/media?parent=50023"}],"wp:term":[{"taxonomy":"category","embeddable":true,"href":"https:\/\/inces.gob.ve\/index.php\/wp-json\/wp\/v2\/categories?post=50023"},{"taxonomy":"post_tag","embeddable":true,"href":"https:\/\/inces.gob.ve\/index.php\/wp-json\/wp\/v2\/tags?post=50023"}],"curies":[{"name":"wp","href":"https:\/\/api.w.org\/{rel}","templated":true}]}}