{"id":50025,"date":"2023-03-24T18:54:07","date_gmt":"2023-03-24T22:54:07","guid":{"rendered":"https:\/\/inces.gob.ve\/?p=50025"},"modified":"2023-03-24T18:54:07","modified_gmt":"2023-03-24T22:54:07","slug":"trujillo-acuerdos-y-compromisos-se-ratificaron-en-una-asamblea-de-trabajadores","status":"publish","type":"post","link":"https:\/\/inces.gob.ve\/index.php\/2023\/03\/24\/trujillo-acuerdos-y-compromisos-se-ratificaron-en-una-asamblea-de-trabajadores\/","title":{"rendered":"TRUJILLO | Acuerdos y Compromisos se ratificaron en una asamblea de trabajadores"},"content":{"rendered":"<p style=\"text-align: justify;\"><em><strong><span style=\"font-size: 14pt; font-family: helvetica, arial, sans-serif;\">** La ocasi\u00f3n tambi\u00e9n fue propicia para que el l\u00edder del Inces en Trujillo girara algunas precisiones sobre la plataforma HACER y el proceso de Transformaci\u00f3n Curricular y Digital que el organismo viene desarrollando, de manera que todos manejen los mismos criterios informativos y de orientaci\u00f3n que le permitan al p\u00fablico adecuarse a los nuevas opciones formativas \u00a0que van en beneficios de las mayor\u00edas<\/span><\/strong><\/em><\/p>\n<p><!--more--><\/p>\n<p>&nbsp;<\/p>\n<p style=\"text-align: justify;\">\n<strong><span style=\"font-family: helvetica, arial, sans-serif;\"><span style=\"font-size: 18.6667px;\">MAR\u00cdA CABRERA<\/span><\/span><\/strong><\/p>\n<p><span style=\"font-size: 14pt; font-family: helvetica, arial, sans-serif;\">El gerente regional del Inces Trujillo, Alexis Brice\u00f1o, realiz\u00f3 una Asamblea de Trabajadores. Se trata de el segundo encuentro trimestral que se lleva a cabo, en donde se reafirmaron acuerdos y compromisos que ya fueron socializados y que van en beneficio de la operatividad del organismo y de los trabajadores.<\/span><\/p>\n<p style=\"text-align: justify;\">\n<span style=\"font-size: 14pt; font-family: helvetica, arial, sans-serif;\">La ocasi\u00f3n tambi\u00e9n fue propicia para que el l\u00edder del Inces en Trujillo girara algunas precisiones sobre la plataforma HACER y el proceso de Transformaci\u00f3n Curricular y Digital que el organismo viene desarrollando, de manera que todos manejen los mismos criterios informativos y de orientaci\u00f3n que le permitan al p\u00fablico adecuarse a los nuevas opciones formativas \u00a0que van en beneficios de las mayor\u00edas.<\/span><\/p>\n<p style=\"text-align: justify;\">\n<span style=\"font-size: 14pt; font-family: helvetica, arial, sans-serif;\">Sobre el particular, solicit\u00f3 la colaboraci\u00f3n del personal obrero como de la Divisi\u00f3n de Formaci\u00f3n Profesional de manera que \u201cno se disperse la comunicaci\u00f3n que le suministre a los visitantes sobre el nuevo funcionamiento del Inces Trujillo, los tipos de opciones formativas, duraci\u00f3n y cierre.<\/span><\/p>\n<p style=\"text-align: justify;\">\n<span style=\"font-size: 14pt; font-family: helvetica, arial, sans-serif;\">\u00abA partir del 15 de mayo estaremos realizando la programaci\u00f3n del segundo trimestre con formaciones, dependiendo de las solicitudes, es decir, la demanda que nos manifieste el p\u00fablico y las orientaciones nacionales que se reciban de Inces Sede\u00bb, dijo Brice\u00f1o.<\/span><\/p>\n<p style=\"text-align: justify;\">\n<span style=\"font-size: 14pt; font-family: helvetica, arial, sans-serif;\">De igual manera notific\u00f3 que para el 24 de marzo el Inces estar\u00e1 realizando una actividad conmemorativa al D\u00eda Internacional de la Mujer, evento que forma parte de las acciones que el organismo estar\u00e1 desarrollando con el Consejo Feminista del Inces-Sectorial integrado por trabajadoras, estudiantes del Liceo Inces y aprendices del Programa Nacional de Aprendizaje, el cual se conform\u00f3 recientemente.<\/span><\/p>\n<p style=\"text-align: justify;\">\n<span style=\"font-size: 14pt; font-family: helvetica, arial, sans-serif;\">Durante su intervenci\u00f3n, se hizo un peque\u00f1o homenaje a las mujeres por parte del Coordinador de Cultura, Deporte, Recreaci\u00f3n y Participaci\u00f3n Comunal, Jos\u00e9 Araujo, quien enton\u00f3 algunas melod\u00edas conocidas que fueron del agrado de las presentes, seguido de la entrega de un detalle.<\/span><\/p>\n<p>&nbsp;<\/p>\n<p style=\"text-align: justify;\"><img loading=\"lazy\" decoding=\"async\" class=\"aligncenter wp-image-50026 size-large\" src=\"https:\/\/inces.gob.ve\/wp-content\/uploads\/2023\/03\/WhatsApp-Image-2023-03-16-at-3.10.46-PM-1024x591.jpeg\" alt=\"\" width=\"640\" height=\"369\" srcset=\"https:\/\/inces.gob.ve\/wp-content\/uploads\/2023\/03\/WhatsApp-Image-2023-03-16-at-3.10.46-PM-1024x591.jpeg 1024w, https:\/\/inces.gob.ve\/wp-content\/uploads\/2023\/03\/WhatsApp-Image-2023-03-16-at-3.10.46-PM-300x173.jpeg 300w, https:\/\/inces.gob.ve\/wp-content\/uploads\/2023\/03\/WhatsApp-Image-2023-03-16-at-3.10.46-PM-768x443.jpeg 768w, https:\/\/inces.gob.ve\/wp-content\/uploads\/2023\/03\/WhatsApp-Image-2023-03-16-at-3.10.46-PM.jpeg 1080w\" sizes=\"auto, (max-width: 640px) 100vw, 640px\" \/><\/p>\n<p style=\"text-align: justify;\"><span style=\"font-size: 14pt; font-family: helvetica, arial, sans-serif;\">Finalmente se anunci\u00f3 el funcionamiento del servicio m\u00e9dico, con nuevo galeno, en beneficio de los trabajadores y la apertura del servicio de comedor para despu\u00e9s del 10 de abril.<\/span><\/p>\n","protected":false},"excerpt":{"rendered":"<p>** La ocasi\u00f3n tambi\u00e9n fue propicia para que el l\u00edder del Inces en Trujillo girara algunas precisiones sobre la plataforma HACER y el proceso de Transformaci\u00f3n Curricular y Digital que el organismo viene desarrollando, de manera que todos manejen los mismos criterios informativos y de orientaci\u00f3n que le permitan al p\u00fablico adecuarse a los nuevas [&hellip;]<\/p>\n","protected":false},"author":4,"featured_media":50027,"comment_status":"closed","ping_status":"closed","sticky":false,"template":"","format":"standard","meta":{"footnotes":""},"categories":[2],"tags":[],"class_list":["post-50025","post","type-post","status-publish","format-standard","has-post-thumbnail","hentry","category-blog"],"_links":{"self":[{"href":"https:\/\/inces.gob.ve\/index.php\/wp-json\/wp\/v2\/posts\/50025","targetHints":{"allow":["GET"]}}],"collection":[{"href":"https:\/\/inces.gob.ve\/index.php\/wp-json\/wp\/v2\/posts"}],"about":[{"href":"https:\/\/inces.gob.ve\/index.php\/wp-json\/wp\/v2\/types\/post"}],"author":[{"embeddable":true,"href":"https:\/\/inces.gob.ve\/index.php\/wp-json\/wp\/v2\/users\/4"}],"replies":[{"embeddable":true,"href":"https:\/\/inces.gob.ve\/index.php\/wp-json\/wp\/v2\/comments?post=50025"}],"version-history":[{"count":1,"href":"https:\/\/inces.gob.ve\/index.php\/wp-json\/wp\/v2\/posts\/50025\/revisions"}],"predecessor-version":[{"id":50028,"href":"https:\/\/inces.gob.ve\/index.php\/wp-json\/wp\/v2\/posts\/50025\/revisions\/50028"}],"wp:featuredmedia":[{"embeddable":true,"href":"https:\/\/inces.gob.ve\/index.php\/wp-json\/wp\/v2\/media\/50027"}],"wp:attachment":[{"href":"https:\/\/inces.gob.ve\/index.php\/wp-json\/wp\/v2\/media?parent=50025"}],"wp:term":[{"taxonomy":"category","embeddable":true,"href":"https:\/\/inces.gob.ve\/index.php\/wp-json\/wp\/v2\/categories?post=50025"},{"taxonomy":"post_tag","embeddable":true,"href":"https:\/\/inces.gob.ve\/index.php\/wp-json\/wp\/v2\/tags?post=50025"}],"curies":[{"name":"wp","href":"https:\/\/api.w.org\/{rel}","templated":true}]}}