{"id":50061,"date":"2023-03-28T07:47:44","date_gmt":"2023-03-28T11:47:44","guid":{"rendered":"https:\/\/inces.gob.ve\/?p=50061"},"modified":"2023-03-28T08:44:33","modified_gmt":"2023-03-28T12:44:33","slug":"angel-nuestro-compromiso-es-con-la-formacion-tecnica-profesional","status":"publish","type":"post","link":"https:\/\/inces.gob.ve\/index.php\/2023\/03\/28\/angel-nuestro-compromiso-es-con-la-formacion-tecnica-profesional\/","title":{"rendered":"Angel: \u201cNuestro compromiso es con la formaci\u00f3n t\u00e9cnica profesional\u00bb"},"content":{"rendered":"<p style=\"text-align: justify;\"><span style=\"font-size: 14pt; font-family: helvetica, arial, sans-serif;\"><b><i>** Gerentes regionales y jefes de centro recibieron orientaciones directas por parte del presidente del ente formativo<\/i><\/b><!--more--><\/span><\/p>\n<p>&nbsp;<\/p>\n<p style=\"text-align: justify;\"><strong><span style=\"font-size: 14pt; font-family: helvetica, arial, sans-serif;\">PRENSA INCES<\/span><\/strong><\/p>\n<p style=\"text-align: justify;\"><span style=\"font-weight: 400; font-size: 14pt; font-family: helvetica, arial, sans-serif;\">El presidente del Instituto Nacional de Capacitaci\u00f3n y Educaci\u00f3n Socialista (Inces), Wuikelman Angel, se reuni\u00f3 de manera telem\u00e1tica con los gerentes regionales y jefes de centro de todo el pa\u00eds, con el objetivo de hacer seguimiento a la tarea de inscripci\u00f3n y continuidad de formaciones Inces correspondientes al a\u00f1o 2023.<\/span><\/p>\n<p>&nbsp;<\/p>\n<p style=\"text-align: justify;\"><span style=\"font-weight: 400; font-size: 14pt; font-family: helvetica, arial, sans-serif;\">Para conocer el estatus nacional de formaciones e inscripciones, Angel revis\u00f3 las estad\u00edsticas nacionales por estado y discuti\u00f3 con cada responsable regional las estrategias empleadas y obst\u00e1culos presentados para el cumplimiento de las formaciones programadas.<\/span><\/p>\n<p>&nbsp;<\/p>\n<p style=\"text-align: justify;\"><span style=\"font-weight: 400; font-size: 14pt; font-family: helvetica, arial, sans-serif;\">El presidente de la instituci\u00f3n insisti\u00f3 en que es necesario responder haciendo uso de todos los mecanismos que se tienen a disposici\u00f3n. \u201cEn el Inces estamos en la obligaci\u00f3n de responder al presidente Nicol\u00e1s Maduro, a la juventud venezolana, pero sobre todo a la formaci\u00f3n t\u00e9cnica profesional\u201d.<\/span><\/p>\n<p>&nbsp;<\/p>\n<p style=\"text-align: justify;\"><span style=\"font-weight: 400; font-size: 14pt; font-family: helvetica, arial, sans-serif;\">Siguiendo las orientaciones planteadas por la presidencia de la instituci\u00f3n, es menester informar al pa\u00eds el reinicio de las actividades en todos los centros, de manera presencial, y las m\u00e1s de 300 nuevas formaciones.<\/span><\/p>\n<p>&nbsp;<\/p>\n<p style=\"text-align: justify;\"><span style=\"font-weight: 400; font-size: 14pt; font-family: helvetica, arial, sans-serif;\">Se espera en los pr\u00f3ximos d\u00edas llenar las aulas de formaci\u00f3n con el objetivo de dar a Venezuela la capacitaci\u00f3n que merece para ser un pa\u00eds potencia.<\/span><\/p>\n<p style=\"text-align: justify;\">\n","protected":false},"excerpt":{"rendered":"<p>** Gerentes regionales y jefes de centro recibieron orientaciones directas por parte del presidente del ente formativo<\/p>\n","protected":false},"author":4,"featured_media":50063,"comment_status":"closed","ping_status":"closed","sticky":false,"template":"","format":"standard","meta":{"footnotes":""},"categories":[2],"tags":[],"class_list":["post-50061","post","type-post","status-publish","format-standard","has-post-thumbnail","hentry","category-blog"],"_links":{"self":[{"href":"https:\/\/inces.gob.ve\/index.php\/wp-json\/wp\/v2\/posts\/50061","targetHints":{"allow":["GET"]}}],"collection":[{"href":"https:\/\/inces.gob.ve\/index.php\/wp-json\/wp\/v2\/posts"}],"about":[{"href":"https:\/\/inces.gob.ve\/index.php\/wp-json\/wp\/v2\/types\/post"}],"author":[{"embeddable":true,"href":"https:\/\/inces.gob.ve\/index.php\/wp-json\/wp\/v2\/users\/4"}],"replies":[{"embeddable":true,"href":"https:\/\/inces.gob.ve\/index.php\/wp-json\/wp\/v2\/comments?post=50061"}],"version-history":[{"count":3,"href":"https:\/\/inces.gob.ve\/index.php\/wp-json\/wp\/v2\/posts\/50061\/revisions"}],"predecessor-version":[{"id":50065,"href":"https:\/\/inces.gob.ve\/index.php\/wp-json\/wp\/v2\/posts\/50061\/revisions\/50065"}],"wp:featuredmedia":[{"embeddable":true,"href":"https:\/\/inces.gob.ve\/index.php\/wp-json\/wp\/v2\/media\/50063"}],"wp:attachment":[{"href":"https:\/\/inces.gob.ve\/index.php\/wp-json\/wp\/v2\/media?parent=50061"}],"wp:term":[{"taxonomy":"category","embeddable":true,"href":"https:\/\/inces.gob.ve\/index.php\/wp-json\/wp\/v2\/categories?post=50061"},{"taxonomy":"post_tag","embeddable":true,"href":"https:\/\/inces.gob.ve\/index.php\/wp-json\/wp\/v2\/tags?post=50061"}],"curies":[{"name":"wp","href":"https:\/\/api.w.org\/{rel}","templated":true}]}}